{"id":312525,"date":"2023-10-25T08:19:49","date_gmt":"2023-10-25T05:19:49","guid":{"rendered":"https:\/\/sana.sy\/es\/?p=312525"},"modified":"2023-10-25T15:30:31","modified_gmt":"2023-10-25T12:30:31","slug":"siria-ante-la-onu-el-apoyo-de-occidente-a-israel-le-ha-dado-un-mandato-abierto-para-matar-a-palestinos","status":"publish","type":"post","link":"https:\/\/archive.sana.sy\/es\/?p=312525","title":{"rendered":"Siria ante la ONU: El apoyo de Occidente a \u201cIsrael\u201d le ha dado un mandato abierto para matar a palestinos"},"content":{"rendered":"<p style=\"text-align: justify;\"><span style=\"color: #800000;\"><strong>Nueva York, 25 oct (SANA)\u00a0<\/strong><\/span> \u00a0El ministro sirio de Asuntos Exteriores y Expatriados, Faisal Al-Mekdad, afirm\u00f3 hoy que las masacres y cr\u00edmenes genocidas cometidos por el ocupante israel\u00ed durante su agresi\u00f3n contra la Franja de Gaza no habr\u00edan ocurrido sin la insistencia de ciertos pa\u00edses occidentales, encabezados por Estados Unidos, de otorgarle un mandato abierto para matar y ofrecerle protecci\u00f3n e impunidad.<\/p>\n<p style=\"text-align: justify;\">\u201cEste mes de octubre fue testigo de una peligrosa escalada de la guerra criminal israel\u00ed que ha superado toda imaginaci\u00f3n por las pr\u00e1cticas brutales y agresivas contra el hermano pueblo palestino llegando a cr\u00edmenes de guerra y de lesa humanidad\u201d, dijo Al-Mekdad en una declaraci\u00f3n durante la reuni\u00f3n ministerial del Consejo de Seguridad sobre \u201cla situaci\u00f3n en el Medio Oriente\u201d, le\u00edda por el Encargado de Negocios interino, Al-Hakam Dendi.<\/p>\n<p style=\"text-align: justify;\">Explic\u00f3 que \u201cIsrael\u201d a\u00f1adi\u00f3 un cap\u00edtulo nuevo, m\u00e1s oscuro y sangriento a su historial criminal, con su b\u00e1rbaro bombardeo al Hospital Bautista y la Iglesia Ortodoxa de San Porfirio, la tercera iglesia m\u00e1s antigua del mundo, adem\u00e1s de atacar escuelas de la UNRWA, que los palestinos pensaban que podr\u00edan ser un refugio seguro para protegerse de la opresi\u00f3n israel\u00ed.<\/p>\n<p style=\"text-align: justify;\">El jefe de la diplomacia siria aclar\u00f3 que estas masacres no habr\u00edan ocurrido si no fuera por la insistencia de algunos pa\u00edses occidentales, encabezados por Estados Unidos, de otorgar a \u201cIsrael\u201d un mandato abierto para cometer cr\u00edmenes, brind\u00e1ndole protecci\u00f3n e impunidad.<\/p>\n<p style=\"text-align: justify;\">Subray\u00f3 que la raz\u00f3n principal de la actual escalada que tiene lugar en los territorios palestinos ocupados es la injusticia a la que ha estado expuesto el pueblo palestino durante d\u00e9cadas de ocupaci\u00f3n y de brutales guerras en un intento de \u201cIsrael\u201d para liquidar la causa palestina cometiendo masacres y cr\u00edmenes de genocidio contra el pueblo palestino y siguiendo una pol\u00edtica de tierra arrasada.<\/p>\n<p style=\"text-align: justify;\">Al-Mekdad expres\u00f3 la denuncia de Siria al comportamiento de Estados Unidos y sus aliados en el Consejo de Seguridad, que le impidi\u00f3 cumplir con sus responsabilidades para detener la agresi\u00f3n israel\u00ed.<\/p>\n<p style=\"text-align: justify;\">\u201cWashington no se conformaba con perturbar el Consejo, sino que se apresur\u00f3 a fortalecer la maquinaria de guerra israel\u00ed, enviando sus portaaviones a la regi\u00f3n y suministrando a \u201cIsrael\u201d con equipo militar avanzado, adem\u00e1s de proporcionarle miles de millones de d\u00f3lares y aprovechar los medios de comunicaci\u00f3n para distorsionar la lucha del pueblo palestino\u201d, consider\u00f3.<\/p>\n<p style=\"text-align: justify;\">El Canciller sirio reiter\u00f3 la exigencia de Siria de que el Consejo de Seguridad deba asumir sus responsabilidades y poner fin a los b\u00e1rbaros ataques de ocupaci\u00f3n contra el pueblo palestino, deteniendo inmediatamente la agresi\u00f3n contra la Franja de Gaza, brindando apoyo humanitario urgente a los palestinos all\u00ed y rechazando cualquier planes o intentos de desplazarlos.<\/p>\n<p style=\"text-align: justify;\"><strong>fm\/ws<\/strong><\/p>\n","protected":false},"excerpt":{"rendered":"<p>Nueva York, 25 oct (SANA)\u00a0 \u00a0El ministro sirio de Asuntos Exteriores y Expatriados, Faisal Al-Mekdad, afirm\u00f3 hoy que las masacres y cr\u00edmenes genocidas cometidos por el ocupante israel\u00ed durante su agresi\u00f3n contra la Franja de Gaza no habr\u00edan ocurrido sin la insistencia de ciertos pa\u00edses occidentales, encabezados por Estados Unidos, de otorgarle un mandato abierto &hellip;<\/p>\n","protected":false},"author":35,"featured_media":312526,"comment_status":"closed","ping_status":"closed","sticky":false,"template":"","format":"standard","meta":{"footnotes":""},"categories":[477,447,597,20724,467,583],"tags":[],"class_list":["post-312525","post","type-post","status-publish","format-standard","has-post-thumbnail","","category-noticias-edulcorantes","category-local-politica","category-cinta-de-noticias","category-minuto-a-minuto","category-siria-y-el-mundo","category-slide"],"_links":{"self":[{"href":"https:\/\/archive.sana.sy\/es\/index.php?rest_route=\/wp\/v2\/posts\/312525"}],"collection":[{"href":"https:\/\/archive.sana.sy\/es\/index.php?rest_route=\/wp\/v2\/posts"}],"about":[{"href":"https:\/\/archive.sana.sy\/es\/index.php?rest_route=\/wp\/v2\/types\/post"}],"author":[{"embeddable":true,"href":"https:\/\/archive.sana.sy\/es\/index.php?rest_route=\/wp\/v2\/users\/35"}],"replies":[{"embeddable":true,"href":"https:\/\/archive.sana.sy\/es\/index.php?rest_route=%2Fwp%2Fv2%2Fcomments&post=312525"}],"version-history":[{"count":2,"href":"https:\/\/archive.sana.sy\/es\/index.php?rest_route=\/wp\/v2\/posts\/312525\/revisions"}],"predecessor-version":[{"id":312528,"href":"https:\/\/archive.sana.sy\/es\/index.php?rest_route=\/wp\/v2\/posts\/312525\/revisions\/312528"}],"wp:featuredmedia":[{"embeddable":true,"href":"https:\/\/archive.sana.sy\/es\/index.php?rest_route=\/wp\/v2\/media\/312526"}],"wp:attachment":[{"href":"https:\/\/archive.sana.sy\/es\/index.php?rest_route=%2Fwp%2Fv2%2Fmedia&parent=312525"}],"wp:term":[{"taxonomy":"category","embeddable":true,"href":"https:\/\/archive.sana.sy\/es\/index.php?rest_route=%2Fwp%2Fv2%2Fcategories&post=312525"},{"taxonomy":"post_tag","embeddable":true,"href":"https:\/\/archive.sana.sy\/es\/index.php?rest_route=%2Fwp%2Fv2%2Ftags&post=312525"}],"curies":[{"name":"wp","href":"https:\/\/api.w.org\/{rel}","templated":true}]}}