{"id":312529,"date":"2023-10-25T09:16:10","date_gmt":"2023-10-25T06:16:10","guid":{"rendered":"https:\/\/sana.sy\/es\/?p=312529"},"modified":"2023-10-25T09:16:10","modified_gmt":"2023-10-25T06:16:10","slug":"fuente-militar-ocho-militares-sirios-mueren-por-agresion-israeli-en-el-sur-de-siria","status":"publish","type":"post","link":"https:\/\/archive.sana.sy\/es\/?p=312529","title":{"rendered":"Fuente militar: Ocho militares sirios mueren por agresi\u00f3n israel\u00ed en el sur de Siria"},"content":{"rendered":"<p style=\"text-align: justify;\"><strong><span style=\"color: #800000;\">Deraa, 25 oct (SANA)\u00a0<\/span> <\/strong>Las defensas antia\u00e9reas del Ej\u00e9rcito \u00c1rabe Siria actuaron esta madrugada para repeler una agresi\u00f3n israel\u00ed contra puntos militares en la provincia sure\u00f1a de Deraa.<\/p>\n<p style=\"text-align: justify;\">Una fuente militar inform\u00f3 a SANA que \u201calrededor de las 1:45 am de este mi\u00e9rcoles, el enemigo israel\u00ed llev\u00f3 a cabo una agresi\u00f3n a\u00e9rea con varios misiles disparados desde el norte del Gol\u00e1n sirio ocupado.<br \/>\nLa fuente afirm\u00f3 que ocho soldados perdieron la vida y otros siete resultaron heridos adem\u00e1s de causar da\u00f1os materiales .<\/p>\n<p style=\"text-align: justify;\">El 22 del mes en curso, el enemigo israel\u00ed llev\u00f3 a cabo simult\u00e1neamente dos ataques a\u00e9reos contra los aeropuertos internacionales de Damasco y Alepo que provoc\u00f3 la muerte de un trabajador civil y lesiones a otro.<\/p>\n<p style=\"text-align: justify;\">ws\/fm<\/p>\n","protected":false},"excerpt":{"rendered":"<p>Deraa, 25 oct (SANA)\u00a0 Las defensas antia\u00e9reas del Ej\u00e9rcito \u00c1rabe Siria actuaron esta madrugada para repeler una agresi\u00f3n israel\u00ed contra puntos militares en la provincia sure\u00f1a de Deraa. Una fuente militar inform\u00f3 a SANA que \u201calrededor de las 1:45 am de este mi\u00e9rcoles, el enemigo israel\u00ed llev\u00f3 a cabo una agresi\u00f3n a\u00e9rea con varios misiles &hellip;<\/p>\n","protected":false},"author":35,"featured_media":312530,"comment_status":"closed","ping_status":"closed","sticky":false,"template":"","format":"standard","meta":{"footnotes":""},"categories":[447,477,597,20724,476,583],"tags":[],"class_list":["post-312529","post","type-post","status-publish","format-standard","has-post-thumbnail","","category-local-politica","category-noticias-edulcorantes","category-cinta-de-noticias","category-minuto-a-minuto","category-locales","category-slide"],"_links":{"self":[{"href":"https:\/\/archive.sana.sy\/es\/index.php?rest_route=\/wp\/v2\/posts\/312529"}],"collection":[{"href":"https:\/\/archive.sana.sy\/es\/index.php?rest_route=\/wp\/v2\/posts"}],"about":[{"href":"https:\/\/archive.sana.sy\/es\/index.php?rest_route=\/wp\/v2\/types\/post"}],"author":[{"embeddable":true,"href":"https:\/\/archive.sana.sy\/es\/index.php?rest_route=\/wp\/v2\/users\/35"}],"replies":[{"embeddable":true,"href":"https:\/\/archive.sana.sy\/es\/index.php?rest_route=%2Fwp%2Fv2%2Fcomments&post=312529"}],"version-history":[{"count":1,"href":"https:\/\/archive.sana.sy\/es\/index.php?rest_route=\/wp\/v2\/posts\/312529\/revisions"}],"predecessor-version":[{"id":312531,"href":"https:\/\/archive.sana.sy\/es\/index.php?rest_route=\/wp\/v2\/posts\/312529\/revisions\/312531"}],"wp:featuredmedia":[{"embeddable":true,"href":"https:\/\/archive.sana.sy\/es\/index.php?rest_route=\/wp\/v2\/media\/312530"}],"wp:attachment":[{"href":"https:\/\/archive.sana.sy\/es\/index.php?rest_route=%2Fwp%2Fv2%2Fmedia&parent=312529"}],"wp:term":[{"taxonomy":"category","embeddable":true,"href":"https:\/\/archive.sana.sy\/es\/index.php?rest_route=%2Fwp%2Fv2%2Fcategories&post=312529"},{"taxonomy":"post_tag","embeddable":true,"href":"https:\/\/archive.sana.sy\/es\/index.php?rest_route=%2Fwp%2Fv2%2Ftags&post=312529"}],"curies":[{"name":"wp","href":"https:\/\/api.w.org\/{rel}","templated":true}]}}