{"id":312665,"date":"2023-10-26T20:43:46","date_gmt":"2023-10-26T17:43:46","guid":{"rendered":"https:\/\/sana.sy\/es\/?p=312665"},"modified":"2023-10-26T20:43:46","modified_gmt":"2023-10-26T17:43:46","slug":"posiciones-de-occidente-y-eeuu-dan-luz-verde-a-israel-para-cometer-el-genocidio-contra-el-pueblo-palestino-afirma-canciller-sirio","status":"publish","type":"post","link":"https:\/\/archive.sana.sy\/es\/?p=312665","title":{"rendered":"Posiciones de Occidente y EEUU dan luz verde a \u201cIsrael\u201d para cometer el genocidio contra el pueblo palestino, afirma Canciller sirio"},"content":{"rendered":"<p style=\"text-align: justify;\"><span style=\"color: #800000;\"><strong>Damasco, 26 oct (SANA)<\/strong><\/span> El ministro de Asuntos Exteriores y Expatriados, Faisal Al-Mekdad, conden\u00f3 las posturas de los pa\u00edses occidentales y Estados Unidos que respaldan el llamado \u201cderecho de Israel a autodefenderse&#8221;.<\/p>\n<p style=\"text-align: justify;\">El Canciller agreg\u00f3 que tales posturas dan el benepl\u00e1cito a \u201cIsrael\u201d para matar al pueblo palestino, que hasta la fecha ha sufrido m\u00e1s de 7.000 v\u00edctimas mortales, incluidos 3.000 ni\u00f1os.<\/p>\n<p style=\"text-align: justify;\">En una declaraci\u00f3n hecha en la plataforma X, al-Mekdad subray\u00f3 que la demolici\u00f3n de hogares palestinos y la privaci\u00f3n de medicamentos, alimentos, electricidad y agua constituyen cr\u00edmenes de guerra y de lesa humanidad.<\/p>\n<p style=\"text-align: justify;\">Asimismo, resalt\u00f3 que el Art\u00edculo 51 de la Carta de las Naciones Unidas contradice la interpretaci\u00f3n occidental y se ha convertido en un instrumento para la violencia, ya que la Carta respalda el derecho de los pueblos a la libertad, independencia y el disfrute de los derechos humanos.<\/p>\n<p style=\"text-align: justify;\">\u201cEs necesario poner fin a la hipocres\u00eda de Occidente y respetar la Ley Internacional y el derecho humanitario si Occidente no desea perder lo que le queda de credibilidad\u201d, concluy\u00f3.<\/p>\n<p style=\"text-align: justify;\"><em><strong>ah\/fm<\/strong><\/em><\/p>\n","protected":false},"excerpt":{"rendered":"<p>Damasco, 26 oct (SANA) El ministro de Asuntos Exteriores y Expatriados, Faisal Al-Mekdad, conden\u00f3 las posturas de los pa\u00edses occidentales y Estados Unidos que respaldan el llamado \u201cderecho de Israel a autodefenderse&#8221;. El Canciller agreg\u00f3 que tales posturas dan el benepl\u00e1cito a \u201cIsrael\u201d para matar al pueblo palestino, que hasta la fecha ha sufrido m\u00e1s &hellip;<\/p>\n","protected":false},"author":30,"featured_media":312666,"comment_status":"closed","ping_status":"closed","sticky":false,"template":"","format":"standard","meta":{"footnotes":""},"categories":[597,20724,476,7541],"tags":[],"class_list":["post-312665","post","type-post","status-publish","format-standard","has-post-thumbnail","","category-cinta-de-noticias","category-minuto-a-minuto","category-locales","category-ultimas-noticias"],"_links":{"self":[{"href":"https:\/\/archive.sana.sy\/es\/index.php?rest_route=\/wp\/v2\/posts\/312665"}],"collection":[{"href":"https:\/\/archive.sana.sy\/es\/index.php?rest_route=\/wp\/v2\/posts"}],"about":[{"href":"https:\/\/archive.sana.sy\/es\/index.php?rest_route=\/wp\/v2\/types\/post"}],"author":[{"embeddable":true,"href":"https:\/\/archive.sana.sy\/es\/index.php?rest_route=\/wp\/v2\/users\/30"}],"replies":[{"embeddable":true,"href":"https:\/\/archive.sana.sy\/es\/index.php?rest_route=%2Fwp%2Fv2%2Fcomments&post=312665"}],"version-history":[{"count":1,"href":"https:\/\/archive.sana.sy\/es\/index.php?rest_route=\/wp\/v2\/posts\/312665\/revisions"}],"predecessor-version":[{"id":312667,"href":"https:\/\/archive.sana.sy\/es\/index.php?rest_route=\/wp\/v2\/posts\/312665\/revisions\/312667"}],"wp:featuredmedia":[{"embeddable":true,"href":"https:\/\/archive.sana.sy\/es\/index.php?rest_route=\/wp\/v2\/media\/312666"}],"wp:attachment":[{"href":"https:\/\/archive.sana.sy\/es\/index.php?rest_route=%2Fwp%2Fv2%2Fmedia&parent=312665"}],"wp:term":[{"taxonomy":"category","embeddable":true,"href":"https:\/\/archive.sana.sy\/es\/index.php?rest_route=%2Fwp%2Fv2%2Fcategories&post=312665"},{"taxonomy":"post_tag","embeddable":true,"href":"https:\/\/archive.sana.sy\/es\/index.php?rest_route=%2Fwp%2Fv2%2Ftags&post=312665"}],"curies":[{"name":"wp","href":"https:\/\/api.w.org\/{rel}","templated":true}]}}