{"id":312710,"date":"2023-10-27T18:42:31","date_gmt":"2023-10-27T15:42:31","guid":{"rendered":"https:\/\/sana.sy\/es\/?p=312710"},"modified":"2023-10-27T18:44:20","modified_gmt":"2023-10-27T15:44:20","slug":"7-326-martires-y-19-000-heridos-por-la-continua-agresion-israeli-contra-gaza","status":"publish","type":"post","link":"https:\/\/archive.sana.sy\/es\/?p=312710","title":{"rendered":"7.326 muertos y 19.000 heridos por la continua agresi\u00f3n israel\u00ed contra Gaza"},"content":{"rendered":"<p style=\"text-align: justify;\"><span style=\"color: #800000;\"><strong>Jerusal\u00e9n ocupada, 27 oct (SANA)<\/strong><\/span> El n\u00famero de palestinos muertos por la actual agresi\u00f3n israel\u00ed contra la Franja de Gaza aument\u00f3 a 7.326 mientras 18.967 resultaron heridos.<\/p>\n<p style=\"text-align: justify;\">El Ministerio de Salud palestino inform\u00f3 hoy en un comunicado que entre las v\u00edctimas mortales hay 3.038 ni\u00f1os y 1.726 mujeres, mientras se recibieron 1.700 denuncias de personas desaparecidas, entre ellas 940 ni\u00f1os, que todav\u00eda est\u00e1n bajo los escombros.<\/p>\n<p style=\"text-align: justify;\">La cartera agreg\u00f3 que el ocupante israel\u00ed cometi\u00f3 41 masacres durante las \u00faltimas horas, cobr\u00e1ndose la vida de 298 civiles, la mayor\u00eda son desplazados al sur de la Franja de Gaza, que el ocupante afirma que es una zona segura, lo que eleva a 772 el n\u00famero de masacres que ha cometido \u201cIsrael\u201d desde el d\u00eda siete de este mes.<\/p>\n<p style=\"text-align: justify;\">Por otro lado, el Ministerio revel\u00f3 que los bombardeos israel\u00edes apuntaron contra el personal m\u00e9dico provocando la muerte de 104 trabajadores de la salud y la destrucci\u00f3n de 25 ambulancias.<\/p>\n<p style=\"text-align: justify;\">Tambi\u00e9n, 12 hospitales y 32 centros de atenci\u00f3n primaria salieron de servicio como resultado de los ataques o por la falta de combustible.<\/p>\n<p style=\"text-align: justify;\">El Ministerio consider\u00f3 que la agresi\u00f3n israel\u00ed revel\u00f3 el verdadero rostro de la administraci\u00f3n estadounidense, absolutamente parcial hacia las autoridades de ocupaci\u00f3n israel\u00edes, y asegur\u00f3 que Washington es quien impide que cualquiera de las partes llegue a Gaza para ver el horror de las masacres contadas por las v\u00edctimas ca\u00eddas durante el Holocausto que comete el ocupante israel\u00ed.<\/p>\n<p style=\"text-align: justify;\">fm\/sm<\/p>\n","protected":false},"excerpt":{"rendered":"<p>Jerusal\u00e9n ocupada, 27 oct (SANA) El n\u00famero de palestinos muertos por la actual agresi\u00f3n israel\u00ed contra la Franja de Gaza aument\u00f3 a 7.326 mientras 18.967 resultaron heridos. El Ministerio de Salud palestino inform\u00f3 hoy en un comunicado que entre las v\u00edctimas mortales hay 3.038 ni\u00f1os y 1.726 mujeres, mientras se recibieron 1.700 denuncias de personas &hellip;<\/p>\n","protected":false},"author":39,"featured_media":312711,"comment_status":"closed","ping_status":"closed","sticky":false,"template":"","format":"standard","meta":{"footnotes":""},"categories":[597,456,16687,20724,583],"tags":[],"class_list":["post-312710","post","type-post","status-publish","format-standard","has-post-thumbnail","","category-cinta-de-noticias","category-arabe-internacional-politica","category-internacionales","category-minuto-a-minuto","category-slide"],"_links":{"self":[{"href":"https:\/\/archive.sana.sy\/es\/index.php?rest_route=\/wp\/v2\/posts\/312710"}],"collection":[{"href":"https:\/\/archive.sana.sy\/es\/index.php?rest_route=\/wp\/v2\/posts"}],"about":[{"href":"https:\/\/archive.sana.sy\/es\/index.php?rest_route=\/wp\/v2\/types\/post"}],"author":[{"embeddable":true,"href":"https:\/\/archive.sana.sy\/es\/index.php?rest_route=\/wp\/v2\/users\/39"}],"replies":[{"embeddable":true,"href":"https:\/\/archive.sana.sy\/es\/index.php?rest_route=%2Fwp%2Fv2%2Fcomments&post=312710"}],"version-history":[{"count":3,"href":"https:\/\/archive.sana.sy\/es\/index.php?rest_route=\/wp\/v2\/posts\/312710\/revisions"}],"predecessor-version":[{"id":312714,"href":"https:\/\/archive.sana.sy\/es\/index.php?rest_route=\/wp\/v2\/posts\/312710\/revisions\/312714"}],"wp:featuredmedia":[{"embeddable":true,"href":"https:\/\/archive.sana.sy\/es\/index.php?rest_route=\/wp\/v2\/media\/312711"}],"wp:attachment":[{"href":"https:\/\/archive.sana.sy\/es\/index.php?rest_route=%2Fwp%2Fv2%2Fmedia&parent=312710"}],"wp:term":[{"taxonomy":"category","embeddable":true,"href":"https:\/\/archive.sana.sy\/es\/index.php?rest_route=%2Fwp%2Fv2%2Fcategories&post=312710"},{"taxonomy":"post_tag","embeddable":true,"href":"https:\/\/archive.sana.sy\/es\/index.php?rest_route=%2Fwp%2Fv2%2Ftags&post=312710"}],"curies":[{"name":"wp","href":"https:\/\/api.w.org\/{rel}","templated":true}]}}