{"id":312715,"date":"2023-10-27T18:59:51","date_gmt":"2023-10-27T15:59:51","guid":{"rendered":"https:\/\/sana.sy\/es\/?p=312715"},"modified":"2023-10-27T19:13:32","modified_gmt":"2023-10-27T16:13:32","slug":"marchan-en-campamento-de-refugiados-palestinos-en-siria-para-denunciar-crimenes-israelies","status":"publish","type":"post","link":"https:\/\/archive.sana.sy\/es\/?p=312715","title":{"rendered":"Marchan en campamento de refugiados palestinos en Siria para denunciar cr\u00edmenes israel\u00edes"},"content":{"rendered":"<p style=\"text-align: justify;\"><span style=\"color: #800000;\"><strong>Damasco, 27 oct (SANA)\u00a0<\/strong><\/span> Las fuerzas palestinas radicadas en Siria convocaron a una marcha de solidaridad en el campamento de Jaramana, al este de la ciudad de Damasco, en apoyo al pueblo palestino y su resistencia en la Franja de Gaza y tambi\u00e9n en condena a los cr\u00edmenes cometidos por \u201cIsrael\u201d.<\/p>\n<p style=\"text-align: justify;\">En la marcha estuvieron presentes representantes de entidades pol\u00edticas, civiles, sociales, culturales y religiosas sirias y palestinas, y durante la cual se izaron las banderas nacionales de Siria y Palestina, y fotograf\u00edas de los m\u00e1rtires.<\/p>\n<p style=\"text-align: justify;\">Tambi\u00e9n, se corearon consignas que denuncian la brutal agresi\u00f3n sionista contra la Franja de Gaza.<\/p>\n<p style=\"text-align: justify;\">Los manifestantes reafirmaron su absoluta solidaridad con la poblaci\u00f3n gazat\u00ed y su voluntad de resistencia ante todas las presiones y cr\u00edmenes.<\/p>\n<p style=\"text-align: justify;\">Varios ni\u00f1os del campamento de Jaramana recitaron poemas que confirman que el ocupante desaparecer\u00e1 sin importar cu\u00e1nto tarde y que la causa palestina vencer\u00e1.<\/p>\n<p style=\"text-align: justify;\">fm\/sm<\/p>\n","protected":false},"excerpt":{"rendered":"<p>Damasco, 27 oct (SANA)\u00a0 Las fuerzas palestinas radicadas en Siria convocaron a una marcha de solidaridad en el campamento de Jaramana, al este de la ciudad de Damasco, en apoyo al pueblo palestino y su resistencia en la Franja de Gaza y tambi\u00e9n en condena a los cr\u00edmenes cometidos por \u201cIsrael\u201d. En la marcha estuvieron &hellip;<\/p>\n","protected":false},"author":39,"featured_media":312720,"comment_status":"closed","ping_status":"closed","sticky":false,"template":"","format":"standard","meta":{"footnotes":""},"categories":[597,456,16687,20724,7541],"tags":[],"class_list":["post-312715","post","type-post","status-publish","format-standard","has-post-thumbnail","","category-cinta-de-noticias","category-arabe-internacional-politica","category-internacionales","category-minuto-a-minuto","category-ultimas-noticias"],"_links":{"self":[{"href":"https:\/\/archive.sana.sy\/es\/index.php?rest_route=\/wp\/v2\/posts\/312715"}],"collection":[{"href":"https:\/\/archive.sana.sy\/es\/index.php?rest_route=\/wp\/v2\/posts"}],"about":[{"href":"https:\/\/archive.sana.sy\/es\/index.php?rest_route=\/wp\/v2\/types\/post"}],"author":[{"embeddable":true,"href":"https:\/\/archive.sana.sy\/es\/index.php?rest_route=\/wp\/v2\/users\/39"}],"replies":[{"embeddable":true,"href":"https:\/\/archive.sana.sy\/es\/index.php?rest_route=%2Fwp%2Fv2%2Fcomments&post=312715"}],"version-history":[{"count":3,"href":"https:\/\/archive.sana.sy\/es\/index.php?rest_route=\/wp\/v2\/posts\/312715\/revisions"}],"predecessor-version":[{"id":312722,"href":"https:\/\/archive.sana.sy\/es\/index.php?rest_route=\/wp\/v2\/posts\/312715\/revisions\/312722"}],"wp:featuredmedia":[{"embeddable":true,"href":"https:\/\/archive.sana.sy\/es\/index.php?rest_route=\/wp\/v2\/media\/312720"}],"wp:attachment":[{"href":"https:\/\/archive.sana.sy\/es\/index.php?rest_route=%2Fwp%2Fv2%2Fmedia&parent=312715"}],"wp:term":[{"taxonomy":"category","embeddable":true,"href":"https:\/\/archive.sana.sy\/es\/index.php?rest_route=%2Fwp%2Fv2%2Fcategories&post=312715"},{"taxonomy":"post_tag","embeddable":true,"href":"https:\/\/archive.sana.sy\/es\/index.php?rest_route=%2Fwp%2Fv2%2Ftags&post=312715"}],"curies":[{"name":"wp","href":"https:\/\/api.w.org\/{rel}","templated":true}]}}