{"id":312735,"date":"2023-10-28T09:15:35","date_gmt":"2023-10-28T06:15:35","guid":{"rendered":"https:\/\/sana.sy\/es\/?p=312735"},"modified":"2023-10-28T09:19:27","modified_gmt":"2023-10-28T06:19:27","slug":"naciones-unidas-aprueba-una-resolucion-que-insta-a-un-alto-el-fuego-inmediato-en-gaza","status":"publish","type":"post","link":"https:\/\/archive.sana.sy\/es\/?p=312735","title":{"rendered":"La ONU aprueba una resoluci\u00f3n que insta a un alto el fuego inmediato en Gaza"},"content":{"rendered":"<p style=\"text-align: justify;\"><span style=\"color: #800000;\"><strong>Nueva York , 28 oct (SANA)<\/strong><\/span> La Asamblea General de las Naciones Unidas aprob\u00f3 la v\u00edspera una resoluci\u00f3n que insta a un alto el fuego humanitario inmediato y sostenible, as\u00ed como al cese de las hostilidades en la Franja de Gaza.<\/p>\n<p style=\"text-align: justify;\">El proyecto de resoluci\u00f3n, presentado por el Grupo \u00c1rabe, fue respaldado por 120 pa\u00edses, mientras que 13 pa\u00edses y la entidad del ocupante israel\u00ed , y 45 pa\u00edses se abstuvieron de votar.<\/p>\n<p style=\"text-align: justify;\">La resoluci\u00f3n tambi\u00e9n hace hincapi\u00e9 en la necesidad de proporcionar de inmediato bienes y servicios b\u00e1sicos en toda la Franja de Gaza sin obst\u00e1culos.<\/p>\n<p style=\"text-align: justify;\"><em><strong>ah\/fm<\/strong><\/em><\/p>\n","protected":false},"excerpt":{"rendered":"<p>Nueva York , 28 oct (SANA) La Asamblea General de las Naciones Unidas aprob\u00f3 la v\u00edspera una resoluci\u00f3n que insta a un alto el fuego humanitario inmediato y sostenible, as\u00ed como al cese de las hostilidades en la Franja de Gaza. El proyecto de resoluci\u00f3n, presentado por el Grupo \u00c1rabe, fue respaldado por 120 pa\u00edses, &hellip;<\/p>\n","protected":false},"author":30,"featured_media":312736,"comment_status":"closed","ping_status":"closed","sticky":false,"template":"","format":"standard","meta":{"footnotes":""},"categories":[597,456,16687,20724,7541],"tags":[],"class_list":["post-312735","post","type-post","status-publish","format-standard","has-post-thumbnail","","category-cinta-de-noticias","category-arabe-internacional-politica","category-internacionales","category-minuto-a-minuto","category-ultimas-noticias"],"_links":{"self":[{"href":"https:\/\/archive.sana.sy\/es\/index.php?rest_route=\/wp\/v2\/posts\/312735"}],"collection":[{"href":"https:\/\/archive.sana.sy\/es\/index.php?rest_route=\/wp\/v2\/posts"}],"about":[{"href":"https:\/\/archive.sana.sy\/es\/index.php?rest_route=\/wp\/v2\/types\/post"}],"author":[{"embeddable":true,"href":"https:\/\/archive.sana.sy\/es\/index.php?rest_route=\/wp\/v2\/users\/30"}],"replies":[{"embeddable":true,"href":"https:\/\/archive.sana.sy\/es\/index.php?rest_route=%2Fwp%2Fv2%2Fcomments&post=312735"}],"version-history":[{"count":2,"href":"https:\/\/archive.sana.sy\/es\/index.php?rest_route=\/wp\/v2\/posts\/312735\/revisions"}],"predecessor-version":[{"id":312739,"href":"https:\/\/archive.sana.sy\/es\/index.php?rest_route=\/wp\/v2\/posts\/312735\/revisions\/312739"}],"wp:featuredmedia":[{"embeddable":true,"href":"https:\/\/archive.sana.sy\/es\/index.php?rest_route=\/wp\/v2\/media\/312736"}],"wp:attachment":[{"href":"https:\/\/archive.sana.sy\/es\/index.php?rest_route=%2Fwp%2Fv2%2Fmedia&parent=312735"}],"wp:term":[{"taxonomy":"category","embeddable":true,"href":"https:\/\/archive.sana.sy\/es\/index.php?rest_route=%2Fwp%2Fv2%2Fcategories&post=312735"},{"taxonomy":"post_tag","embeddable":true,"href":"https:\/\/archive.sana.sy\/es\/index.php?rest_route=%2Fwp%2Fv2%2Ftags&post=312735"}],"curies":[{"name":"wp","href":"https:\/\/api.w.org\/{rel}","templated":true}]}}