{"id":312755,"date":"2023-10-28T13:32:43","date_gmt":"2023-10-28T10:32:43","guid":{"rendered":"https:\/\/sana.sy\/es\/?p=312755"},"modified":"2023-10-28T13:32:43","modified_gmt":"2023-10-28T10:32:43","slug":"israel-continua-su-barbara-agresion-por-aire-tierra-y-mar-contra-gaza","status":"publish","type":"post","link":"https:\/\/archive.sana.sy\/es\/?p=312755","title":{"rendered":"\u201cIsrael\u201d contin\u00faa su b\u00e1rbara agresi\u00f3n por aire, tierra y mar contra Gaza"},"content":{"rendered":"<p style=\"text-align: justify;\"><span style=\"color: #800000;\"><strong>Jerusal\u00e9n ocupada, 28 (SANA)<\/strong> <\/span>Las fuerzas de ocupaci\u00f3n israel\u00edes intensificaron sus bombardeos por aire, tierra y mar, contra todas las zonas de la Franja de Gaza.<\/p>\n<p style=\"text-align: justify;\">Seg\u00fan reportes publicados por medios palestinos, la artiller\u00eda israel\u00ed no par\u00f3 de bombardear el norte de Gaza, y m\u00e1s de 10 ataques alcanzaron los alrededores de los hospitales Al-Shifa y el Indonesio en el centro de la Franja.<\/p>\n<p style=\"text-align: justify;\">Agregaron que las viviendas de los palestinos en los campamentos de Al-Shatee, Al-Nuseirat, Beit Lahia y Beit Hanoun, as\u00ed como las \u00e1reas al este de Gaza, fueron blancos de los ataques a\u00e9reos que causaron decenas de m\u00e1rtires y heridos.<\/p>\n<p style=\"text-align: justify;\">Por otro lado, las autoridades de ocupaci\u00f3n cortaron todas las telecomunicaciones y el Internet en Gaza, as\u00ed como cortaron la electricidad desde el inicio de esta agresi\u00f3n el 07 de octubre.<\/p>\n<p style=\"text-align: justify;\">Los equipos de defensa civil y servicios de salud no pudieron llegar a las zonas bombardeadas para rescatar a los heridos y recuperar los cuerpos de los muertos, mientras los palestinos intentan transportar los muertos y heridos en veh\u00edculos privados.<\/p>\n<p style=\"text-align: justify;\">ah\/fm\/ed<\/p>\n<p style=\"text-align: justify;\">\n","protected":false},"excerpt":{"rendered":"<p>Jerusal\u00e9n ocupada, 28 (SANA) Las fuerzas de ocupaci\u00f3n israel\u00edes intensificaron sus bombardeos por aire, tierra y mar, contra todas las zonas de la Franja de Gaza. Seg\u00fan reportes publicados por medios palestinos, la artiller\u00eda israel\u00ed no par\u00f3 de bombardear el norte de Gaza, y m\u00e1s de 10 ataques alcanzaron los alrededores de los hospitales Al-Shifa &hellip;<\/p>\n","protected":false},"author":32,"featured_media":312756,"comment_status":"closed","ping_status":"closed","sticky":false,"template":"","format":"standard","meta":{"footnotes":""},"categories":[597,456,20724,7541],"tags":[],"class_list":["post-312755","post","type-post","status-publish","format-standard","has-post-thumbnail","","category-cinta-de-noticias","category-arabe-internacional-politica","category-minuto-a-minuto","category-ultimas-noticias"],"_links":{"self":[{"href":"https:\/\/archive.sana.sy\/es\/index.php?rest_route=\/wp\/v2\/posts\/312755"}],"collection":[{"href":"https:\/\/archive.sana.sy\/es\/index.php?rest_route=\/wp\/v2\/posts"}],"about":[{"href":"https:\/\/archive.sana.sy\/es\/index.php?rest_route=\/wp\/v2\/types\/post"}],"author":[{"embeddable":true,"href":"https:\/\/archive.sana.sy\/es\/index.php?rest_route=\/wp\/v2\/users\/32"}],"replies":[{"embeddable":true,"href":"https:\/\/archive.sana.sy\/es\/index.php?rest_route=%2Fwp%2Fv2%2Fcomments&post=312755"}],"version-history":[{"count":1,"href":"https:\/\/archive.sana.sy\/es\/index.php?rest_route=\/wp\/v2\/posts\/312755\/revisions"}],"predecessor-version":[{"id":312757,"href":"https:\/\/archive.sana.sy\/es\/index.php?rest_route=\/wp\/v2\/posts\/312755\/revisions\/312757"}],"wp:featuredmedia":[{"embeddable":true,"href":"https:\/\/archive.sana.sy\/es\/index.php?rest_route=\/wp\/v2\/media\/312756"}],"wp:attachment":[{"href":"https:\/\/archive.sana.sy\/es\/index.php?rest_route=%2Fwp%2Fv2%2Fmedia&parent=312755"}],"wp:term":[{"taxonomy":"category","embeddable":true,"href":"https:\/\/archive.sana.sy\/es\/index.php?rest_route=%2Fwp%2Fv2%2Fcategories&post=312755"},{"taxonomy":"post_tag","embeddable":true,"href":"https:\/\/archive.sana.sy\/es\/index.php?rest_route=%2Fwp%2Fv2%2Ftags&post=312755"}],"curies":[{"name":"wp","href":"https:\/\/api.w.org\/{rel}","templated":true}]}}