{"id":312758,"date":"2023-10-28T13:37:52","date_gmt":"2023-10-28T10:37:52","guid":{"rendered":"https:\/\/sana.sy\/es\/?p=312758"},"modified":"2023-10-28T14:45:46","modified_gmt":"2023-10-28T11:45:46","slug":"unicef-oms-y-cri-alertan-de-las-consecuencias-del-corte-de-telecomunicaciones-en-gaza","status":"publish","type":"post","link":"https:\/\/archive.sana.sy\/es\/?p=312758","title":{"rendered":"Unicef, OMS y CRI alertan de las consecuencias del corte de telecomunicaciones en Gaza"},"content":{"rendered":"<p style=\"text-align: justify;\"><span style=\"color: #993300;\"><strong>Ginebra, 28 oct (SANA)<\/strong><\/span>\u00a0 La Organizaci\u00f3n Mundial de la Salud (OMS), la Cruz Roja y la UNICEF, que operan en Gaza, advirtieron sobre las graves consecuencias del corte de las telecomunicaciones en este enclave costero.<br \/>\nEstas organizaciones se\u00f1alaron mediante comunicados separados, que han perdido el contacto con su personal en Gaza.<\/p>\n<p style=\"text-align: justify;\">La OMS alert\u00f3 sobre las repercusiones del hecho de que su personal no puede acceder a los servicios esenciales para continuar con sus labores en Gaza, debido al corte de electricidad y la escasez de suministros vitales para las operaciones de socorro.<\/p>\n<p style=\"text-align: justify;\">Por su parte, la Cruz Roja expres\u00f3 su preocupaci\u00f3n por no poder mantener la atenci\u00f3n m\u00e9dica debido a la falta de capacidad del personal de la Cruz Roja Palestina.<\/p>\n<p style=\"text-align: justify;\">A su vez, la directora ejecutiva de la UNICEF declar\u00f3 que esta organizaci\u00f3n perdi\u00f3 el contacto con sus funcionarios en Gaza, lo que plantea mucha preocupaci\u00f3n.<\/p>\n<p style=\"text-align: justify;\">Todas las organizaciones humanitarias internacionales que operan en Gaza advirtieron en d\u00edas recientes a la comunidad internacional sobre las extremadamente dif\u00edciles circunstancias en las que est\u00e1n trabajando, en medio de una escasez masiva de recursos que pone en peligro su capacidad para prestar servicios a los afectados por el continuo bombardeo contra Gaza.<\/p>\n<p style=\"text-align: justify;\">En la noche anterior, Gaza fue blanco de ataques a\u00e9reos israel\u00edes sin precedentes en medio de un corte de todos los servicios de telecomunicaci\u00f3n e internet.<\/p>\n<p style=\"text-align: justify;\">ah\/fm\/ed<\/p>\n","protected":false},"excerpt":{"rendered":"<p>Ginebra, 28 oct (SANA)\u00a0 La Organizaci\u00f3n Mundial de la Salud (OMS), la Cruz Roja y la UNICEF, que operan en Gaza, advirtieron sobre las graves consecuencias del corte de las telecomunicaciones en este enclave costero. Estas organizaciones se\u00f1alaron mediante comunicados separados, que han perdido el contacto con su personal en Gaza. La OMS alert\u00f3 sobre &hellip;<\/p>\n","protected":false},"author":32,"featured_media":312773,"comment_status":"closed","ping_status":"closed","sticky":false,"template":"","format":"standard","meta":{"footnotes":""},"categories":[597,456,20724,583],"tags":[],"class_list":["post-312758","post","type-post","status-publish","format-standard","has-post-thumbnail","","category-cinta-de-noticias","category-arabe-internacional-politica","category-minuto-a-minuto","category-slide"],"_links":{"self":[{"href":"https:\/\/archive.sana.sy\/es\/index.php?rest_route=\/wp\/v2\/posts\/312758"}],"collection":[{"href":"https:\/\/archive.sana.sy\/es\/index.php?rest_route=\/wp\/v2\/posts"}],"about":[{"href":"https:\/\/archive.sana.sy\/es\/index.php?rest_route=\/wp\/v2\/types\/post"}],"author":[{"embeddable":true,"href":"https:\/\/archive.sana.sy\/es\/index.php?rest_route=\/wp\/v2\/users\/32"}],"replies":[{"embeddable":true,"href":"https:\/\/archive.sana.sy\/es\/index.php?rest_route=%2Fwp%2Fv2%2Fcomments&post=312758"}],"version-history":[{"count":2,"href":"https:\/\/archive.sana.sy\/es\/index.php?rest_route=\/wp\/v2\/posts\/312758\/revisions"}],"predecessor-version":[{"id":312761,"href":"https:\/\/archive.sana.sy\/es\/index.php?rest_route=\/wp\/v2\/posts\/312758\/revisions\/312761"}],"wp:featuredmedia":[{"embeddable":true,"href":"https:\/\/archive.sana.sy\/es\/index.php?rest_route=\/wp\/v2\/media\/312773"}],"wp:attachment":[{"href":"https:\/\/archive.sana.sy\/es\/index.php?rest_route=%2Fwp%2Fv2%2Fmedia&parent=312758"}],"wp:term":[{"taxonomy":"category","embeddable":true,"href":"https:\/\/archive.sana.sy\/es\/index.php?rest_route=%2Fwp%2Fv2%2Fcategories&post=312758"},{"taxonomy":"post_tag","embeddable":true,"href":"https:\/\/archive.sana.sy\/es\/index.php?rest_route=%2Fwp%2Fv2%2Ftags&post=312758"}],"curies":[{"name":"wp","href":"https:\/\/api.w.org\/{rel}","templated":true}]}}