{"id":312808,"date":"2023-10-28T18:16:52","date_gmt":"2023-10-28T15:16:52","guid":{"rendered":"https:\/\/sana.sy\/es\/?p=312808"},"modified":"2023-10-28T18:16:52","modified_gmt":"2023-10-28T15:16:52","slug":"canciller-sirio-compara-crimenes-de-israel-con-los-cometidos-por-el-fascismo","status":"publish","type":"post","link":"https:\/\/archive.sana.sy\/es\/?p=312808","title":{"rendered":"Canciller sirio compara cr\u00edmenes de Israel con los cometidos por el fascismo"},"content":{"rendered":"<blockquote><p><span style=\"color: #993300;\">Al-Mekdad se\u00f1al\u00f3 que \u201cel aparato administrativo de las Naciones Unidas, que ha embellecido durante mucho tiempo la imagen de \u201cIsrael\u201d, le toca ahora defender la credibilidad del Secretario General de esta organizaci\u00f3n internacional ante el insulto que se le dirigi\u00f3 por un mendigo sionista en su calidad de embajador en representaci\u00f3n de un gobierno fascista\u201d.<\/span><\/p><\/blockquote>\n<p><span style=\"color: #800000;\"><strong>Damasco, 28 oct (SANA)\u00a0<\/strong><\/span> \u00a0El ministro sirio de Asuntos Exteriores y Expatriados, Faisal Al-Mekdad, consider\u00f3 hoy que los actuales cr\u00edmenes de \u201cIsrael\u201d en Gaza son id\u00e9nticos e incluso superan los cometidos por el fascismo durante la Segunda Guerra Mundial.<\/p>\n<p>\u201cPronto se arrepentir\u00e1n aquellos que apoyaron a \u201cIsrael\u201d con la Declaraci\u00f3n Balfour o votaron en las Naciones Unidas para reconocer a esta entidad, y se dar\u00e1n cuenta que cometieron un crimen contra sus propios pa\u00edses y toda la humanidad\u201d, afirm\u00f3 el Canciller en la plataforma X.<\/p>\n<p>Agreg\u00f3 que durante las \u00faltimas tres semanas, \u201cIsrael\u201d asesin\u00f3 a tres mil ni\u00f1os, destruy\u00f3 aproximadamente la mitad de las casas en la Franja de Gaza y asedi\u00f3 los palestinos en Gaza y los priv\u00f3 del agua, medicinas, electricidad, telecomunicaciones e Internet, para encubrir los cr\u00edmenes de guerra y de lesa humanidad que est\u00e1 cometiendo o cometer\u00e1n m\u00e1s adelante.<\/p>\n<p>\u201cEn lugar de proteger los intereses de los pa\u00edses coloniales occidentales en esta regi\u00f3n, \u201cIsrael\u201d se ha convertido en una carga moral, militar, pol\u00edtica, financiera, econ\u00f3mica y humanitaria para estos pa\u00edses\u201d, consider\u00f3 el jefe de la diplomacia siria.<\/p>\n<p>Al-Mekdad se\u00f1al\u00f3 que \u201cel aparato administrativo de las Naciones Unidas, que ha embellecido durante mucho tiempo la imagen de \u201cIsrael\u201d, le toca ahora defender la credibilidad del Secretario General de esta organizaci\u00f3n internacional ante el insulto que se le dirigi\u00f3 por \u00a8un mendigo sionista en su calidad de embajador en representaci\u00f3n de un gobierno fascista\u00a8\u201d.<\/p>\n<p>\u201cIsrael\u201d super\u00f3 con sus cr\u00edmenes al fascismo durante la Segunda Guerra Mundial, concluy\u00f3 el Ministro.<\/p>\n<p>fm\/rr<\/p>\n","protected":false},"excerpt":{"rendered":"<p>Al-Mekdad se\u00f1al\u00f3 que \u201cel aparato administrativo de las Naciones Unidas, que ha embellecido durante mucho tiempo la imagen de \u201cIsrael\u201d, le toca ahora defender la credibilidad del Secretario General de esta organizaci\u00f3n internacional ante el insulto que se le dirigi\u00f3 por un mendigo sionista en su calidad de embajador en representaci\u00f3n de un gobierno fascista\u201d. &hellip;<\/p>\n","protected":false},"author":31,"featured_media":312810,"comment_status":"closed","ping_status":"closed","sticky":false,"template":"","format":"standard","meta":{"footnotes":""},"categories":[597,476,583],"tags":[7161,1494,6553],"class_list":["post-312808","post","type-post","status-publish","format-standard","has-post-thumbnail","","category-cinta-de-noticias","category-locales","category-slide","tag-damasco","tag-palestina","tag-siria"],"_links":{"self":[{"href":"https:\/\/archive.sana.sy\/es\/index.php?rest_route=\/wp\/v2\/posts\/312808"}],"collection":[{"href":"https:\/\/archive.sana.sy\/es\/index.php?rest_route=\/wp\/v2\/posts"}],"about":[{"href":"https:\/\/archive.sana.sy\/es\/index.php?rest_route=\/wp\/v2\/types\/post"}],"author":[{"embeddable":true,"href":"https:\/\/archive.sana.sy\/es\/index.php?rest_route=\/wp\/v2\/users\/31"}],"replies":[{"embeddable":true,"href":"https:\/\/archive.sana.sy\/es\/index.php?rest_route=%2Fwp%2Fv2%2Fcomments&post=312808"}],"version-history":[{"count":1,"href":"https:\/\/archive.sana.sy\/es\/index.php?rest_route=\/wp\/v2\/posts\/312808\/revisions"}],"predecessor-version":[{"id":312811,"href":"https:\/\/archive.sana.sy\/es\/index.php?rest_route=\/wp\/v2\/posts\/312808\/revisions\/312811"}],"wp:featuredmedia":[{"embeddable":true,"href":"https:\/\/archive.sana.sy\/es\/index.php?rest_route=\/wp\/v2\/media\/312810"}],"wp:attachment":[{"href":"https:\/\/archive.sana.sy\/es\/index.php?rest_route=%2Fwp%2Fv2%2Fmedia&parent=312808"}],"wp:term":[{"taxonomy":"category","embeddable":true,"href":"https:\/\/archive.sana.sy\/es\/index.php?rest_route=%2Fwp%2Fv2%2Fcategories&post=312808"},{"taxonomy":"post_tag","embeddable":true,"href":"https:\/\/archive.sana.sy\/es\/index.php?rest_route=%2Fwp%2Fv2%2Ftags&post=312808"}],"curies":[{"name":"wp","href":"https:\/\/api.w.org\/{rel}","templated":true}]}}