{"id":312814,"date":"2023-10-28T19:20:46","date_gmt":"2023-10-28T16:20:46","guid":{"rendered":"https:\/\/sana.sy\/es\/?p=312814"},"modified":"2023-10-28T19:21:38","modified_gmt":"2023-10-28T16:21:38","slug":"bogdanov-las-relaciones-sirio-rusas-son-estrechas","status":"publish","type":"post","link":"https:\/\/archive.sana.sy\/es\/?p=312814","title":{"rendered":"Bogdanov: las relaciones sirio-rusas son estrechas"},"content":{"rendered":"<p style=\"text-align: justify;\"><span style=\"color: #800000;\"><strong>Mosc\u00fa, 28 oct (SANA)<\/strong><\/span>\u00a0 \u00a0El representante especial del presidente ruso para Asuntos de Oriente Medio y \u00c1frica, el viceministro de Asuntos Exteriores, Mija\u00edl Bogdanov, describi\u00f3 las relaciones entre Siria y Rusia como \u201cestrechas y bien establecidas\u201d, y destac\u00f3 la antigua y especial amistad y cooperaci\u00f3n entre los dos pa\u00edses.<\/p>\n<p style=\"text-align: justify;\">Bogdanov dijo hoy en una entrevista con el corresponsal de SANA en Mosc\u00fa que \u201cEl a\u00f1o que viene celebraremos el 80\u00ba aniversario del establecimiento de relaciones diplom\u00e1ticas entre nuestros dos pa\u00edses (\u2026) Las dos partes trabajar\u00e1n para desarrollar las relaciones en todos los campos\u201d.<\/p>\n<p style=\"text-align: justify;\">El Vicecanciller ruso destac\u00f3 la importancia de la reuni\u00f3n del Comit\u00e9 Gubernamental Conjunto Sirio-Ruso celebrada hoy en Mosc\u00fa, e indic\u00f3 que esta reuni\u00f3n culmin\u00f3 con la firma de un acuerdo que abre nuevos horizontes para el desarrollo de la cooperaci\u00f3n pol\u00edtica, econ\u00f3mica y t\u00e9cnica entre los dos lados.<\/p>\n<p style=\"text-align: justify;\">\u201cEsta reuni\u00f3n forma un paso m\u00e1s en el camino hacia el fortalecimiento y la consolidaci\u00f3n del di\u00e1logo pol\u00edtico construido sobre la base de la confianza mutua, que se desarrolla principalmente a nivel de los presidentes de las dos partes, lo que beneficiar\u00e1 de tanto al pueblo sirio como al ruso\u201d, explic\u00f3.<\/p>\n<p style=\"text-align: justify;\">rr\/fm<\/p>\n","protected":false},"excerpt":{"rendered":"<p>Mosc\u00fa, 28 oct (SANA)\u00a0 \u00a0El representante especial del presidente ruso para Asuntos de Oriente Medio y \u00c1frica, el viceministro de Asuntos Exteriores, Mija\u00edl Bogdanov, describi\u00f3 las relaciones entre Siria y Rusia como \u201cestrechas y bien establecidas\u201d, y destac\u00f3 la antigua y especial amistad y cooperaci\u00f3n entre los dos pa\u00edses. Bogdanov dijo hoy en una entrevista &hellip;<\/p>\n","protected":false},"author":31,"featured_media":312815,"comment_status":"closed","ping_status":"closed","sticky":false,"template":"","format":"standard","meta":{"footnotes":""},"categories":[597,467,7541],"tags":[6695,6553],"class_list":["post-312814","post","type-post","status-publish","format-standard","has-post-thumbnail","","category-cinta-de-noticias","category-siria-y-el-mundo","category-ultimas-noticias","tag-rusia","tag-siria"],"_links":{"self":[{"href":"https:\/\/archive.sana.sy\/es\/index.php?rest_route=\/wp\/v2\/posts\/312814"}],"collection":[{"href":"https:\/\/archive.sana.sy\/es\/index.php?rest_route=\/wp\/v2\/posts"}],"about":[{"href":"https:\/\/archive.sana.sy\/es\/index.php?rest_route=\/wp\/v2\/types\/post"}],"author":[{"embeddable":true,"href":"https:\/\/archive.sana.sy\/es\/index.php?rest_route=\/wp\/v2\/users\/31"}],"replies":[{"embeddable":true,"href":"https:\/\/archive.sana.sy\/es\/index.php?rest_route=%2Fwp%2Fv2%2Fcomments&post=312814"}],"version-history":[{"count":2,"href":"https:\/\/archive.sana.sy\/es\/index.php?rest_route=\/wp\/v2\/posts\/312814\/revisions"}],"predecessor-version":[{"id":312817,"href":"https:\/\/archive.sana.sy\/es\/index.php?rest_route=\/wp\/v2\/posts\/312814\/revisions\/312817"}],"wp:featuredmedia":[{"embeddable":true,"href":"https:\/\/archive.sana.sy\/es\/index.php?rest_route=\/wp\/v2\/media\/312815"}],"wp:attachment":[{"href":"https:\/\/archive.sana.sy\/es\/index.php?rest_route=%2Fwp%2Fv2%2Fmedia&parent=312814"}],"wp:term":[{"taxonomy":"category","embeddable":true,"href":"https:\/\/archive.sana.sy\/es\/index.php?rest_route=%2Fwp%2Fv2%2Fcategories&post=312814"},{"taxonomy":"post_tag","embeddable":true,"href":"https:\/\/archive.sana.sy\/es\/index.php?rest_route=%2Fwp%2Fv2%2Ftags&post=312814"}],"curies":[{"name":"wp","href":"https:\/\/api.w.org\/{rel}","templated":true}]}}