{"id":312827,"date":"2023-10-29T08:00:55","date_gmt":"2023-10-29T05:00:55","guid":{"rendered":"https:\/\/sana.sy\/es\/?p=312827"},"modified":"2023-10-29T08:01:41","modified_gmt":"2023-10-29T05:01:41","slug":"presidente-de-cuba-condena-brutales-bombardeos-israelies-contra-gaza-y-asegura-que-eeuu-es-complice-de-israel","status":"publish","type":"post","link":"https:\/\/archive.sana.sy\/es\/?p=312827","title":{"rendered":"Presidente de Cuba condena brutales bombardeos israel\u00edes contra Gaza y asegura que EEUU es c\u00f3mplice de \u201cIsrael\u201d"},"content":{"rendered":"<blockquote>\n<p style=\"text-align: justify;\"><span style=\"color: #800000;\">&#8220;Cada momento de inacci\u00f3n y negatividad costar\u00e1 m\u00e1s vidas inocentes. Por lo tanto, debemos actuar de inmediato y contribuir a los esfuerzos internacionales destinados a poner fin a esta brutalidad. La historia no perdonar\u00e1 a los indiferentes y nosotros no estaremos entre ellos&#8221;, dijo D\u00edaz-Canel<\/span><\/p>\n<\/blockquote>\n<p style=\"text-align: justify;\"><span style=\"color: #800000;\"><strong>La Habana, 29 oct (SANA)<\/strong> <\/span>El presidente cubano Miguel D\u00edaz-Canel, conden\u00f3 en los t\u00e9rminos m\u00e1s en\u00e9rgicos los brutales bombardeos llevados a cabo por el ocupante israel\u00ed en la Franja de Gaza, y las masacres y la destrucci\u00f3n de hogares, hospitales e infraestructura civil.<\/p>\n<p style=\"text-align: justify;\">En unas palabras publicada por la presidencia cubana, D\u00edaz-Canel subray\u00f3 que nada puede justificar lo que las fuerzas de ocupaci\u00f3n israel\u00edes est\u00e1n haciendo en Gaza, y nada puede justificar las graves violaciones del derecho internacional humanitario que est\u00e1n cometiendo.<\/p>\n<p style=\"text-align: justify;\">El mandatario se\u00f1al\u00f3 que no sorprende el uso de veto por parte de Estados Unidos contra una propuesta que simplemente pide una tregua humanitaria en Gaza para permitir la llegada de ayuda, porque Washington ha desempe\u00f1ado hist\u00f3ricamente el papel de c\u00f3mplice de la barbarie sionista al obstruir repetidamente la labor del Consejo de Seguridad con respecto a Palestina.<\/p>\n<p style=\"text-align: justify;\">&#8220;Cada momento de inacci\u00f3n y negatividad costar\u00e1 m\u00e1s vidas inocentes. Por lo tanto, debemos actuar de inmediato y contribuir a los esfuerzos internacionales destinados a poner fin a esta brutalidad. La historia no perdonar\u00e1 a los indiferentes y nosotros no estaremos entre ellos&#8221;, dijo D\u00edaz-Canel.<\/p>\n<p style=\"text-align: justify;\">Rechaz\u00f3 cualquier selectividad que pretenda ignorar el peligro de genocidio que hoy se ejerce contra los palestinos y mostrar al lado israel\u00ed como si fuera la v\u00edctima, e ignorar 75 a\u00f1os de agresi\u00f3n, ocupaci\u00f3n, violaciones y exclusi\u00f3n contra el pueblo palestino.<\/p>\n<p style=\"text-align: justify;\">El Gobernante destac\u00f3 que \u201cIsrael\u201d est\u00e1 violando todas las resoluciones de Naciones Unidas y todas sus obligaciones como potencia ocupante en virtud de la Cuarta Convenci\u00f3n de Ginebra, al considerar que la par\u00e1lisis del Consejo de Seguridad sobre este tema asegurar\u00e1 su continua evasi\u00f3n de responsabilidades.<\/p>\n<p style=\"text-align: justify;\">\u201cUna soluci\u00f3n integral, justa y duradera al conflicto requiere inevitablemente el ejercicio real del derecho inalienable del pueblo palestino a la autodeterminaci\u00f3n y a establecer su Estado independiente y soberano dentro de las fronteras de 1967 con Jerusal\u00e9n Este como su capital&#8221;, concluy\u00f3.<\/p>\n<p style=\"text-align: justify;\"><strong>fm\/ws<\/strong><\/p>\n","protected":false},"excerpt":{"rendered":"<p>&#8220;Cada momento de inacci\u00f3n y negatividad costar\u00e1 m\u00e1s vidas inocentes. Por lo tanto, debemos actuar de inmediato y contribuir a los esfuerzos internacionales destinados a poner fin a esta brutalidad. La historia no perdonar\u00e1 a los indiferentes y nosotros no estaremos entre ellos&#8221;, dijo D\u00edaz-Canel La Habana, 29 oct (SANA) El presidente cubano Miguel D\u00edaz-Canel, &hellip;<\/p>\n","protected":false},"author":35,"featured_media":312828,"comment_status":"closed","ping_status":"closed","sticky":false,"template":"","format":"standard","meta":{"footnotes":""},"categories":[597,456,16687,20724,7541],"tags":[],"class_list":["post-312827","post","type-post","status-publish","format-standard","has-post-thumbnail","","category-cinta-de-noticias","category-arabe-internacional-politica","category-internacionales","category-minuto-a-minuto","category-ultimas-noticias"],"_links":{"self":[{"href":"https:\/\/archive.sana.sy\/es\/index.php?rest_route=\/wp\/v2\/posts\/312827"}],"collection":[{"href":"https:\/\/archive.sana.sy\/es\/index.php?rest_route=\/wp\/v2\/posts"}],"about":[{"href":"https:\/\/archive.sana.sy\/es\/index.php?rest_route=\/wp\/v2\/types\/post"}],"author":[{"embeddable":true,"href":"https:\/\/archive.sana.sy\/es\/index.php?rest_route=\/wp\/v2\/users\/35"}],"replies":[{"embeddable":true,"href":"https:\/\/archive.sana.sy\/es\/index.php?rest_route=%2Fwp%2Fv2%2Fcomments&post=312827"}],"version-history":[{"count":2,"href":"https:\/\/archive.sana.sy\/es\/index.php?rest_route=\/wp\/v2\/posts\/312827\/revisions"}],"predecessor-version":[{"id":312830,"href":"https:\/\/archive.sana.sy\/es\/index.php?rest_route=\/wp\/v2\/posts\/312827\/revisions\/312830"}],"wp:featuredmedia":[{"embeddable":true,"href":"https:\/\/archive.sana.sy\/es\/index.php?rest_route=\/wp\/v2\/media\/312828"}],"wp:attachment":[{"href":"https:\/\/archive.sana.sy\/es\/index.php?rest_route=%2Fwp%2Fv2%2Fmedia&parent=312827"}],"wp:term":[{"taxonomy":"category","embeddable":true,"href":"https:\/\/archive.sana.sy\/es\/index.php?rest_route=%2Fwp%2Fv2%2Fcategories&post=312827"},{"taxonomy":"post_tag","embeddable":true,"href":"https:\/\/archive.sana.sy\/es\/index.php?rest_route=%2Fwp%2Fv2%2Ftags&post=312827"}],"curies":[{"name":"wp","href":"https:\/\/api.w.org\/{rel}","templated":true}]}}