{"id":312890,"date":"2023-10-29T20:33:42","date_gmt":"2023-10-29T17:33:42","guid":{"rendered":"https:\/\/sana.sy\/es\/?p=312890"},"modified":"2023-10-29T20:35:31","modified_gmt":"2023-10-29T17:35:31","slug":"siria-e-iran-afirman-importancia-de-movilizarse-para-apoyar-la-resistencia-del-pueblo-palestino","status":"publish","type":"post","link":"https:\/\/archive.sana.sy\/es\/?p=312890","title":{"rendered":"Siria e Ir\u00e1n afirman importancia de movilizarse para apoyar la resistencia del pueblo palestino"},"content":{"rendered":"<p style=\"text-align: justify;\"><span style=\"color: #800000;\"><strong>Damasco, 29 oct (SANA)<\/strong><\/span>\u00a0 \u00a0El viceministro de Asuntos Exteriores y Expatriados, Bassam Sabbagh, y el vicepresidente del Comit\u00e9 de Seguridad Nacional y Pol\u00edtica Exterior del Parlamento iran\u00ed (Consejo de Shura), Ibrahim Azizi, abordaron las formas de fortalecer las relaciones bilaterales entre los dos pa\u00edses.<\/p>\n<p style=\"text-align: justify;\">Se\u00f1alaron la necesidad de concentrar los esfuerzos diplom\u00e1ticos y parlamentarios para mejorar la coordinaci\u00f3n y cooperaci\u00f3n en diversos campos entre Siria e Ir\u00e1n.<\/p>\n<p style=\"text-align: justify;\"><img loading=\"lazy\" decoding=\"async\" class=\"size-medium wp-image-312893 alignleft\" src=\"http:\/\/sana.sy\/es\/wp-content\/uploads\/2023\/10\/qqqqqq-300x139.jpg\" alt=\"\" width=\"300\" height=\"139\" srcset=\"https:\/\/archive.sana.sy\/es\/wp-content\/uploads\/2023\/10\/qqqqqq-300x139.jpg 300w, https:\/\/archive.sana.sy\/es\/wp-content\/uploads\/2023\/10\/qqqqqq-150x70.jpg 150w, https:\/\/archive.sana.sy\/es\/wp-content\/uploads\/2023\/10\/qqqqqq.jpg 660w\" sizes=\"(max-width: 300px) 100vw, 300px\" \/>Sabbagh subray\u00f3 la importancia del papel desempe\u00f1ado por los parlamentarios de Siria e Ir\u00e1n en apoyar las cuestiones de sus pa\u00edses en el \u00e1mbito regional e internacional.<\/p>\n<p style=\"text-align: justify;\">Destac\u00f3 la importancia de movilizar todos los esfuerzos para apoyar la firmeza del pueblo palestino frente a la maquinaria b\u00e9lica del ocupante israel\u00ed.<\/p>\n<p style=\"text-align: justify;\">\u201cEl 7 de octubre restableci\u00f3 a la escena pol\u00edtica regional e internacional la cuesti\u00f3n palestina y el derecho de su pueblo a la autodeterminaci\u00f3n y a la resistencia a la ocupaci\u00f3n israel\u00ed\u201d, indic\u00f3.<\/p>\n<p style=\"text-align: justify;\">Por su parte, Azizi expres\u00f3 sus condolencias a Siria por v\u00edctimas del Colegio Militar, y afirm\u00f3 el apoyo de su pa\u00eds a Siria en la lucha contra el terrorismo.<\/p>\n<p style=\"text-align: justify;\">Dio a conocer las conversaciones que mantuvo durante su visita a Irak y El L\u00edbano, sobre la agresi\u00f3n israel\u00ed contra al pueblo palestino, especialmente en la Franja de Gaza.<\/p>\n<p style=\"text-align: justify;\">\u201cLa Resistencia palestina demostr\u00f3 mediante la Operaci\u00f3n Diluvio de Al-Aqsa que la entidad sionista es fr\u00e1gil, cuyo torneo se limita a matar mujeres y ni\u00f1os en Gaza\u201d, se\u00f1al\u00f3.<\/p>\n<p style=\"text-align: justify;\">rr\/fm<\/p>\n","protected":false},"excerpt":{"rendered":"<p>Damasco, 29 oct (SANA)\u00a0 \u00a0El viceministro de Asuntos Exteriores y Expatriados, Bassam Sabbagh, y el vicepresidente del Comit\u00e9 de Seguridad Nacional y Pol\u00edtica Exterior del Parlamento iran\u00ed (Consejo de Shura), Ibrahim Azizi, abordaron las formas de fortalecer las relaciones bilaterales entre los dos pa\u00edses. Se\u00f1alaron la necesidad de concentrar los esfuerzos diplom\u00e1ticos y parlamentarios para &hellip;<\/p>\n","protected":false},"author":31,"featured_media":312891,"comment_status":"closed","ping_status":"closed","sticky":false,"template":"","format":"standard","meta":{"footnotes":""},"categories":[597,467,7541],"tags":[2866,1494,6553],"class_list":["post-312890","post","type-post","status-publish","format-standard","has-post-thumbnail","","category-cinta-de-noticias","category-siria-y-el-mundo","category-ultimas-noticias","tag-iran","tag-palestina","tag-siria"],"_links":{"self":[{"href":"https:\/\/archive.sana.sy\/es\/index.php?rest_route=\/wp\/v2\/posts\/312890"}],"collection":[{"href":"https:\/\/archive.sana.sy\/es\/index.php?rest_route=\/wp\/v2\/posts"}],"about":[{"href":"https:\/\/archive.sana.sy\/es\/index.php?rest_route=\/wp\/v2\/types\/post"}],"author":[{"embeddable":true,"href":"https:\/\/archive.sana.sy\/es\/index.php?rest_route=\/wp\/v2\/users\/31"}],"replies":[{"embeddable":true,"href":"https:\/\/archive.sana.sy\/es\/index.php?rest_route=%2Fwp%2Fv2%2Fcomments&post=312890"}],"version-history":[{"count":2,"href":"https:\/\/archive.sana.sy\/es\/index.php?rest_route=\/wp\/v2\/posts\/312890\/revisions"}],"predecessor-version":[{"id":312894,"href":"https:\/\/archive.sana.sy\/es\/index.php?rest_route=\/wp\/v2\/posts\/312890\/revisions\/312894"}],"wp:featuredmedia":[{"embeddable":true,"href":"https:\/\/archive.sana.sy\/es\/index.php?rest_route=\/wp\/v2\/media\/312891"}],"wp:attachment":[{"href":"https:\/\/archive.sana.sy\/es\/index.php?rest_route=%2Fwp%2Fv2%2Fmedia&parent=312890"}],"wp:term":[{"taxonomy":"category","embeddable":true,"href":"https:\/\/archive.sana.sy\/es\/index.php?rest_route=%2Fwp%2Fv2%2Fcategories&post=312890"},{"taxonomy":"post_tag","embeddable":true,"href":"https:\/\/archive.sana.sy\/es\/index.php?rest_route=%2Fwp%2Fv2%2Ftags&post=312890"}],"curies":[{"name":"wp","href":"https:\/\/api.w.org\/{rel}","templated":true}]}}