{"id":312897,"date":"2023-10-30T08:56:54","date_gmt":"2023-10-30T05:56:54","guid":{"rendered":"https:\/\/sana.sy\/es\/?p=312897"},"modified":"2023-10-30T08:56:54","modified_gmt":"2023-10-30T05:56:54","slug":"agresion-israeli-contra-posiciones-militares-sirias","status":"publish","type":"post","link":"https:\/\/archive.sana.sy\/es\/?p=312897","title":{"rendered":"Agresi\u00f3n israel\u00ed contra posiciones militares sirias"},"content":{"rendered":"<p style=\"text-align: justify;\"><span style=\"color: #800000;\"><strong>Damasco, 30 oct (SANA) <\/strong><\/span>Una fuente militar inform\u00f3 hoy que alrededor de la 1:35 de la madrugada de este lunes, 30 de octubre de 2023, \u201cIsrael\u201d llev\u00f3 a cabo un ataque a\u00e9reo con misiles disparados desde la direcci\u00f3n del Gol\u00e1n sirio ocupado contra dos posiciones de las fuerzas armadas sirias en la provincia de Deraa.<\/p>\n<p style=\"text-align: justify;\">La agresi\u00f3n provoc\u00f3 algunas p\u00e9rdidas materiales, precisa la fuente.<\/p>\n<p style=\"text-align: justify;\">Durante las \u00faltimas dos semanas, hubo una escalada en las agresiones israel\u00edes que apuntaron en cuatro ocasiones contra los aeropuertos internacionales de Damasco y Alepo.<\/p>\n<p style=\"text-align: justify;\">Mientras el pasado d\u00eda 25 de este mes, una agresi\u00f3n israel\u00ed contra puntos militares en la provincia sure\u00f1a de Deraa causaron la muerte de ocho soldados y lesiones a otros siete.<\/p>\n<p style=\"text-align: justify;\">fm\/as<\/p>\n","protected":false},"excerpt":{"rendered":"<p>Damasco, 30 oct (SANA) Una fuente militar inform\u00f3 hoy que alrededor de la 1:35 de la madrugada de este lunes, 30 de octubre de 2023, \u201cIsrael\u201d llev\u00f3 a cabo un ataque a\u00e9reo con misiles disparados desde la direcci\u00f3n del Gol\u00e1n sirio ocupado contra dos posiciones de las fuerzas armadas sirias en la provincia de Deraa. &hellip;<\/p>\n","protected":false},"author":42,"featured_media":312898,"comment_status":"closed","ping_status":"closed","sticky":false,"template":"","format":"standard","meta":{"footnotes":""},"categories":[597,20724,476,575,583],"tags":[],"class_list":["post-312897","post","type-post","status-publish","format-standard","has-post-thumbnail","","category-cinta-de-noticias","category-minuto-a-minuto","category-locales","category-provincias","category-slide"],"_links":{"self":[{"href":"https:\/\/archive.sana.sy\/es\/index.php?rest_route=\/wp\/v2\/posts\/312897"}],"collection":[{"href":"https:\/\/archive.sana.sy\/es\/index.php?rest_route=\/wp\/v2\/posts"}],"about":[{"href":"https:\/\/archive.sana.sy\/es\/index.php?rest_route=\/wp\/v2\/types\/post"}],"author":[{"embeddable":true,"href":"https:\/\/archive.sana.sy\/es\/index.php?rest_route=\/wp\/v2\/users\/42"}],"replies":[{"embeddable":true,"href":"https:\/\/archive.sana.sy\/es\/index.php?rest_route=%2Fwp%2Fv2%2Fcomments&post=312897"}],"version-history":[{"count":1,"href":"https:\/\/archive.sana.sy\/es\/index.php?rest_route=\/wp\/v2\/posts\/312897\/revisions"}],"predecessor-version":[{"id":312899,"href":"https:\/\/archive.sana.sy\/es\/index.php?rest_route=\/wp\/v2\/posts\/312897\/revisions\/312899"}],"wp:featuredmedia":[{"embeddable":true,"href":"https:\/\/archive.sana.sy\/es\/index.php?rest_route=\/wp\/v2\/media\/312898"}],"wp:attachment":[{"href":"https:\/\/archive.sana.sy\/es\/index.php?rest_route=%2Fwp%2Fv2%2Fmedia&parent=312897"}],"wp:term":[{"taxonomy":"category","embeddable":true,"href":"https:\/\/archive.sana.sy\/es\/index.php?rest_route=%2Fwp%2Fv2%2Fcategories&post=312897"},{"taxonomy":"post_tag","embeddable":true,"href":"https:\/\/archive.sana.sy\/es\/index.php?rest_route=%2Fwp%2Fv2%2Ftags&post=312897"}],"curies":[{"name":"wp","href":"https:\/\/api.w.org\/{rel}","templated":true}]}}