{"id":312909,"date":"2023-10-30T11:53:06","date_gmt":"2023-10-30T08:53:06","guid":{"rendered":"https:\/\/sana.sy\/es\/?p=312909"},"modified":"2023-10-30T15:45:17","modified_gmt":"2023-10-30T12:45:17","slug":"presidente-argelino-techa-agresion-contra-gaza-de-crimen-de-guerra","status":"publish","type":"post","link":"https:\/\/archive.sana.sy\/es\/?p=312909","title":{"rendered":"Presidente argelino tacha agresi\u00f3n contra Gaza de crimen de guerra"},"content":{"rendered":"<p style=\"text-align: justify;\"><span style=\"color: #800000;\"><strong>Argelia, 30 oct (SANA)\u00a0<\/strong><\/span> El presidente argelino Abdelmadjid Tebboune afirm\u00f3 hoy que la agresi\u00f3n del ocupante israel\u00ed contra la Franja de Gaza es un crimen de guerra.<\/p>\n<p style=\"text-align: justify;\">&#8220;Lo que est\u00e1 sucediendo en Gaza es cr\u00edmen de guerra en toda regla y los palestinos est\u00e1n defendiendo su patria y sus derechos&#8221;, dijo Tebboune citado por la Agencia de Noticias de Argelia.<\/p>\n<p style=\"text-align: justify;\">El n\u00famero de v\u00edctimas de la actual agresi\u00f3n israel\u00ed contra la asediada Franja de Gaza aument\u00f3 por vig\u00e9simo tercer d\u00eda a m\u00e1s de 10.000 m\u00e1rtires y desaparecidos y al menos 20.000 heridos.<\/p>\n<p style=\"text-align: justify;\">ed\/fm<\/p>\n","protected":false},"excerpt":{"rendered":"<p>Argelia, 30 oct (SANA)\u00a0 El presidente argelino Abdelmadjid Tebboune afirm\u00f3 hoy que la agresi\u00f3n del ocupante israel\u00ed contra la Franja de Gaza es un crimen de guerra. &#8220;Lo que est\u00e1 sucediendo en Gaza es cr\u00edmen de guerra en toda regla y los palestinos est\u00e1n defendiendo su patria y sus derechos&#8221;, dijo Tebboune citado por la &hellip;<\/p>\n","protected":false},"author":32,"featured_media":312910,"comment_status":"closed","ping_status":"closed","sticky":false,"template":"","format":"standard","meta":{"footnotes":""},"categories":[597,456,20724,7541],"tags":[],"class_list":["post-312909","post","type-post","status-publish","format-standard","has-post-thumbnail","","category-cinta-de-noticias","category-arabe-internacional-politica","category-minuto-a-minuto","category-ultimas-noticias"],"_links":{"self":[{"href":"https:\/\/archive.sana.sy\/es\/index.php?rest_route=\/wp\/v2\/posts\/312909"}],"collection":[{"href":"https:\/\/archive.sana.sy\/es\/index.php?rest_route=\/wp\/v2\/posts"}],"about":[{"href":"https:\/\/archive.sana.sy\/es\/index.php?rest_route=\/wp\/v2\/types\/post"}],"author":[{"embeddable":true,"href":"https:\/\/archive.sana.sy\/es\/index.php?rest_route=\/wp\/v2\/users\/32"}],"replies":[{"embeddable":true,"href":"https:\/\/archive.sana.sy\/es\/index.php?rest_route=%2Fwp%2Fv2%2Fcomments&post=312909"}],"version-history":[{"count":2,"href":"https:\/\/archive.sana.sy\/es\/index.php?rest_route=\/wp\/v2\/posts\/312909\/revisions"}],"predecessor-version":[{"id":312937,"href":"https:\/\/archive.sana.sy\/es\/index.php?rest_route=\/wp\/v2\/posts\/312909\/revisions\/312937"}],"wp:featuredmedia":[{"embeddable":true,"href":"https:\/\/archive.sana.sy\/es\/index.php?rest_route=\/wp\/v2\/media\/312910"}],"wp:attachment":[{"href":"https:\/\/archive.sana.sy\/es\/index.php?rest_route=%2Fwp%2Fv2%2Fmedia&parent=312909"}],"wp:term":[{"taxonomy":"category","embeddable":true,"href":"https:\/\/archive.sana.sy\/es\/index.php?rest_route=%2Fwp%2Fv2%2Fcategories&post=312909"},{"taxonomy":"post_tag","embeddable":true,"href":"https:\/\/archive.sana.sy\/es\/index.php?rest_route=%2Fwp%2Fv2%2Ftags&post=312909"}],"curies":[{"name":"wp","href":"https:\/\/api.w.org\/{rel}","templated":true}]}}