{"id":312915,"date":"2023-10-30T12:11:50","date_gmt":"2023-10-30T09:11:50","guid":{"rendered":"https:\/\/sana.sy\/es\/?p=312915"},"modified":"2023-10-30T12:11:50","modified_gmt":"2023-10-30T09:11:50","slug":"decenas-de-muertos-y-heridos-por-la-continua-agresion-israeli-contra-gaza","status":"publish","type":"post","link":"https:\/\/archive.sana.sy\/es\/?p=312915","title":{"rendered":"Decenas de muertos\u00a0 y heridos por la continua agresi\u00f3n israel\u00ed contra Gaza"},"content":{"rendered":"<p style=\"text-align: justify;\"><strong><span style=\"color: #800000;\">Jerusal\u00e9n ocupada, 30 oct (SANA)<\/span>\u00a0 \u00a0<\/strong>Decenas de palestinos perdieron la vida y otros resultaron heridos por\u00a0 la actual agresi\u00f3n fascista israel\u00edes que ha entrado en su vig\u00e9simo cuarto d\u00eda contra Gaza,\u00a0 como resultado del asedio absoluto impuesto por el ocupante israel\u00ed.<\/p>\n<p style=\"text-align: justify;\">\u00a0Los aviones de combate israel\u00edes bombardaron\u00a0 intensamente los campamentos de Bureij y Nuseirat, la zona de Zawaida y el campamento de Jabalia,\u00a0 lo que provoc\u00f3 que 14 palestinos murieran y otros resultaran heridos,\u00a0 y tambien bombardaron\u00a0 el barrio de Tal Al-Hawa, al oeste de Gaza.<\/p>\n<p style=\"text-align: justify;\">\u00a0 Asimismo, atacaron las arededores del \u00fanico hospital oncol\u00f3gico de la Franja de Gaza y da\u00f1aron partes del mismo.<\/p>\n<p style=\"text-align: justify;\">\u201cEl cupante no s\u00f3lo aument\u00f3 el sufrimiento de los pacientes con c\u00e1ncer al privarlos de medicamentos y de viajar al extranjero para recibir tratamiento, sino que tambi\u00e9n puso en riesgo sus vidas al atacar los alrededores del hospital\u201ddijo el director del hospital.<\/p>\n<p style=\"text-align: justify;\">\u00a0La Cruz Roja advirti\u00f3 que los hospitales que a\u00fan funcionan en Gaza est\u00e1n al borde del colapso, debido al agotamiento de los suministros necesarios para atender al gran n\u00famero de heridos .<\/p>\n<p style=\"text-align: justify;\">as\/fm\/ed<\/p>\n","protected":false},"excerpt":{"rendered":"<p>Jerusal\u00e9n ocupada, 30 oct (SANA)\u00a0 \u00a0Decenas de palestinos perdieron la vida y otros resultaron heridos por\u00a0 la actual agresi\u00f3n fascista israel\u00edes que ha entrado en su vig\u00e9simo cuarto d\u00eda contra Gaza,\u00a0 como resultado del asedio absoluto impuesto por el ocupante israel\u00ed. \u00a0Los aviones de combate israel\u00edes bombardaron\u00a0 intensamente los campamentos de Bureij y Nuseirat, la &hellip;<\/p>\n","protected":false},"author":32,"featured_media":312916,"comment_status":"closed","ping_status":"closed","sticky":false,"template":"","format":"standard","meta":{"footnotes":""},"categories":[597,456,20724,583],"tags":[],"class_list":["post-312915","post","type-post","status-publish","format-standard","has-post-thumbnail","","category-cinta-de-noticias","category-arabe-internacional-politica","category-minuto-a-minuto","category-slide"],"_links":{"self":[{"href":"https:\/\/archive.sana.sy\/es\/index.php?rest_route=\/wp\/v2\/posts\/312915"}],"collection":[{"href":"https:\/\/archive.sana.sy\/es\/index.php?rest_route=\/wp\/v2\/posts"}],"about":[{"href":"https:\/\/archive.sana.sy\/es\/index.php?rest_route=\/wp\/v2\/types\/post"}],"author":[{"embeddable":true,"href":"https:\/\/archive.sana.sy\/es\/index.php?rest_route=\/wp\/v2\/users\/32"}],"replies":[{"embeddable":true,"href":"https:\/\/archive.sana.sy\/es\/index.php?rest_route=%2Fwp%2Fv2%2Fcomments&post=312915"}],"version-history":[{"count":1,"href":"https:\/\/archive.sana.sy\/es\/index.php?rest_route=\/wp\/v2\/posts\/312915\/revisions"}],"predecessor-version":[{"id":312917,"href":"https:\/\/archive.sana.sy\/es\/index.php?rest_route=\/wp\/v2\/posts\/312915\/revisions\/312917"}],"wp:featuredmedia":[{"embeddable":true,"href":"https:\/\/archive.sana.sy\/es\/index.php?rest_route=\/wp\/v2\/media\/312916"}],"wp:attachment":[{"href":"https:\/\/archive.sana.sy\/es\/index.php?rest_route=%2Fwp%2Fv2%2Fmedia&parent=312915"}],"wp:term":[{"taxonomy":"category","embeddable":true,"href":"https:\/\/archive.sana.sy\/es\/index.php?rest_route=%2Fwp%2Fv2%2Fcategories&post=312915"},{"taxonomy":"post_tag","embeddable":true,"href":"https:\/\/archive.sana.sy\/es\/index.php?rest_route=%2Fwp%2Fv2%2Ftags&post=312915"}],"curies":[{"name":"wp","href":"https:\/\/api.w.org\/{rel}","templated":true}]}}