{"id":312919,"date":"2023-10-30T14:27:18","date_gmt":"2023-10-30T11:27:18","guid":{"rendered":"https:\/\/sana.sy\/es\/?p=312919"},"modified":"2023-10-30T14:33:51","modified_gmt":"2023-10-30T11:33:51","slug":"iran-exige-una-investigacion-internacional-sobre-masacres-sionistas-contra-el-pueblo-palestino","status":"publish","type":"post","link":"https:\/\/archive.sana.sy\/es\/?p=312919","title":{"rendered":"Ir\u00e1n exige una investigaci\u00f3n internacional sobre masacres sionistas contra el pueblo palestino"},"content":{"rendered":"<p style=\"text-align: justify;\"><span style=\"color: #800000;\"><strong>\u00a0Teher\u00e1n, 30 oct (SANA)<\/strong><\/span> Ir\u00e1n exigi\u00f3 hoy el inicio de una investigaci\u00f3n internacional sobre las masacres cometidas por \u201cIsrael\u201d contra los palestinos y pidi\u00f3 que los criminales de guerra israel\u00edes comparezcan ante los tribunales internacionales.<\/p>\n<p style=\"text-align: justify;\">\u201cLos brutales ataques israel\u00edes contra Gaza han entrado en 24 d\u00eda consecutivo sobrepasando todas las l\u00edneas rojas y violando las leyes y normas internacionales\u201d, declar\u00f3 el portavoz del Ministerio de Asuntos Exteriores iran\u00ed, Nasser Kanaani, citado por la agencia IRNA.<\/p>\n<p style=\"text-align: justify;\">El vocero aclar\u00f3 que \u201cla cuesti\u00f3n de los cr\u00edmenes sionistas contra el pueblo palestino es del pasado y el presente, y es de m\u00e1s de 75 a\u00f1os de sufrimiento\u201d.<\/p>\n<p style=\"text-align: justify;\">fm\/ed<\/p>\n","protected":false},"excerpt":{"rendered":"<p>\u00a0Teher\u00e1n, 30 oct (SANA) Ir\u00e1n exigi\u00f3 hoy el inicio de una investigaci\u00f3n internacional sobre las masacres cometidas por \u201cIsrael\u201d contra los palestinos y pidi\u00f3 que los criminales de guerra israel\u00edes comparezcan ante los tribunales internacionales. \u201cLos brutales ataques israel\u00edes contra Gaza han entrado en 24 d\u00eda consecutivo sobrepasando todas las l\u00edneas rojas y violando las &hellip;<\/p>\n","protected":false},"author":32,"featured_media":312920,"comment_status":"closed","ping_status":"closed","sticky":false,"template":"","format":"standard","meta":{"footnotes":""},"categories":[597,456,16687,20724,7541],"tags":[],"class_list":["post-312919","post","type-post","status-publish","format-standard","has-post-thumbnail","","category-cinta-de-noticias","category-arabe-internacional-politica","category-internacionales","category-minuto-a-minuto","category-ultimas-noticias"],"_links":{"self":[{"href":"https:\/\/archive.sana.sy\/es\/index.php?rest_route=\/wp\/v2\/posts\/312919"}],"collection":[{"href":"https:\/\/archive.sana.sy\/es\/index.php?rest_route=\/wp\/v2\/posts"}],"about":[{"href":"https:\/\/archive.sana.sy\/es\/index.php?rest_route=\/wp\/v2\/types\/post"}],"author":[{"embeddable":true,"href":"https:\/\/archive.sana.sy\/es\/index.php?rest_route=\/wp\/v2\/users\/32"}],"replies":[{"embeddable":true,"href":"https:\/\/archive.sana.sy\/es\/index.php?rest_route=%2Fwp%2Fv2%2Fcomments&post=312919"}],"version-history":[{"count":2,"href":"https:\/\/archive.sana.sy\/es\/index.php?rest_route=\/wp\/v2\/posts\/312919\/revisions"}],"predecessor-version":[{"id":312923,"href":"https:\/\/archive.sana.sy\/es\/index.php?rest_route=\/wp\/v2\/posts\/312919\/revisions\/312923"}],"wp:featuredmedia":[{"embeddable":true,"href":"https:\/\/archive.sana.sy\/es\/index.php?rest_route=\/wp\/v2\/media\/312920"}],"wp:attachment":[{"href":"https:\/\/archive.sana.sy\/es\/index.php?rest_route=%2Fwp%2Fv2%2Fmedia&parent=312919"}],"wp:term":[{"taxonomy":"category","embeddable":true,"href":"https:\/\/archive.sana.sy\/es\/index.php?rest_route=%2Fwp%2Fv2%2Fcategories&post=312919"},{"taxonomy":"post_tag","embeddable":true,"href":"https:\/\/archive.sana.sy\/es\/index.php?rest_route=%2Fwp%2Fv2%2Ftags&post=312919"}],"curies":[{"name":"wp","href":"https:\/\/api.w.org\/{rel}","templated":true}]}}