{"id":312953,"date":"2023-10-30T19:01:51","date_gmt":"2023-10-30T16:01:51","guid":{"rendered":"https:\/\/sana.sy\/es\/?p=312953"},"modified":"2023-10-30T19:01:51","modified_gmt":"2023-10-30T16:01:51","slug":"siria-pide-al-consejo-de-seguridad-que-frene-de-inmediato-las-agresiones-de-israel","status":"publish","type":"post","link":"https:\/\/archive.sana.sy\/es\/?p=312953","title":{"rendered":"Siria pide al Consejo de Seguridad que frene de inmediato las agresiones de \u201cIsrael\u201d"},"content":{"rendered":"<p style=\"text-align: justify;\"><span style=\"color: #800000;\"><strong>Nueva York, 30 oct (SANA)\u00a0<\/strong><\/span> El encargado de negocios en funciones de la Delegaci\u00f3n Permanente de Siria ante las Naciones Unidas, Al-Hakam Dendi, denunci\u00f3 hoy que \u201cIsrael\u201d contin\u00faa su empe\u00f1o por incendiar la regi\u00f3n, al lanzar cuatro ataques contra los aeropuertos civiles internacionales de Damasco y Alepo en menos de 10 d\u00edas, coincidiendo con su brutal agresi\u00f3n contra la Franja de Gaza y la comisi\u00f3n de cientos de masacres contra su poblaci\u00f3n.<\/p>\n<p style=\"text-align: justify;\">\u201cSiria pide al Consejo de Seguridad que condene estos ataques, les ponga fin y responsabilice a sus autores, y considera que la protecci\u00f3n brindada por los pa\u00edses occidentales al ocupante israel\u00ed los convierte en c\u00f3mplice de sus cr\u00edmenes y graves violaciones del derecho internacional\u201d, afirm\u00f3 el diplom\u00e1tico sirio.<\/p>\n<p style=\"text-align: justify;\">Por otro lado, conden\u00f3 las ilegales medidas coercitivas occidentales impuestas a Siria, ya que privan a su pueblo de sus derechos a la alimentaci\u00f3n, salud, educaci\u00f3n y el desarrollo y le causan gran sufrimiento econ\u00f3mico y humanitario.<\/p>\n<p style=\"text-align: justify;\">El funcionario conden\u00f3 el saqueo de las riquezas nacionales de Siria por parte de las fuerzas de Estados Unidos y su milicia separatista FDS.<\/p>\n<p style=\"text-align: justify;\">\u201cHay quienes deliberadamente se empe\u00f1an para la continuaci\u00f3n de la cr\u00edtica situaci\u00f3n humanitaria en Siria, especialmente despu\u00e9s del devastador terremoto, en un momento en que el pa\u00eds necesita proporcionar soluciones sostenibles que apoyen a su pueblo y reduzcan la dependencia de la ayuda humanitaria que salva vidas\u201d, aclar\u00f3.<\/p>\n<p style=\"text-align: justify;\">Consider\u00f3 que superar las secuelas de la crisis en Siria requiere la disponibilidad de una voluntad pol\u00edtica sincera de algunos estados miembros del Consejo de Seguridad para detener los repetidos ataques israel\u00edes, poner fin a la presencia extranjera ilegal y levantar inmediatamente las medidas coercitivas occidentales.<\/p>\n<p style=\"text-align: justify;\">fm\/sm<\/p>\n","protected":false},"excerpt":{"rendered":"<p>Nueva York, 30 oct (SANA)\u00a0 El encargado de negocios en funciones de la Delegaci\u00f3n Permanente de Siria ante las Naciones Unidas, Al-Hakam Dendi, denunci\u00f3 hoy que \u201cIsrael\u201d contin\u00faa su empe\u00f1o por incendiar la regi\u00f3n, al lanzar cuatro ataques contra los aeropuertos civiles internacionales de Damasco y Alepo en menos de 10 d\u00edas, coincidiendo con su &hellip;<\/p>\n","protected":false},"author":39,"featured_media":312954,"comment_status":"closed","ping_status":"closed","sticky":false,"template":"","format":"standard","meta":{"footnotes":""},"categories":[477,597,456,573,20724,476,467,583],"tags":[],"class_list":["post-312953","post","type-post","status-publish","format-standard","has-post-thumbnail","","category-noticias-edulcorantes","category-cinta-de-noticias","category-arabe-internacional-politica","category-la-realidad-de-los-acontecimientos-en-siria","category-minuto-a-minuto","category-locales","category-siria-y-el-mundo","category-slide"],"_links":{"self":[{"href":"https:\/\/archive.sana.sy\/es\/index.php?rest_route=\/wp\/v2\/posts\/312953"}],"collection":[{"href":"https:\/\/archive.sana.sy\/es\/index.php?rest_route=\/wp\/v2\/posts"}],"about":[{"href":"https:\/\/archive.sana.sy\/es\/index.php?rest_route=\/wp\/v2\/types\/post"}],"author":[{"embeddable":true,"href":"https:\/\/archive.sana.sy\/es\/index.php?rest_route=\/wp\/v2\/users\/39"}],"replies":[{"embeddable":true,"href":"https:\/\/archive.sana.sy\/es\/index.php?rest_route=%2Fwp%2Fv2%2Fcomments&post=312953"}],"version-history":[{"count":1,"href":"https:\/\/archive.sana.sy\/es\/index.php?rest_route=\/wp\/v2\/posts\/312953\/revisions"}],"predecessor-version":[{"id":312955,"href":"https:\/\/archive.sana.sy\/es\/index.php?rest_route=\/wp\/v2\/posts\/312953\/revisions\/312955"}],"wp:featuredmedia":[{"embeddable":true,"href":"https:\/\/archive.sana.sy\/es\/index.php?rest_route=\/wp\/v2\/media\/312954"}],"wp:attachment":[{"href":"https:\/\/archive.sana.sy\/es\/index.php?rest_route=%2Fwp%2Fv2%2Fmedia&parent=312953"}],"wp:term":[{"taxonomy":"category","embeddable":true,"href":"https:\/\/archive.sana.sy\/es\/index.php?rest_route=%2Fwp%2Fv2%2Fcategories&post=312953"},{"taxonomy":"post_tag","embeddable":true,"href":"https:\/\/archive.sana.sy\/es\/index.php?rest_route=%2Fwp%2Fv2%2Ftags&post=312953"}],"curies":[{"name":"wp","href":"https:\/\/api.w.org\/{rel}","templated":true}]}}