{"id":312956,"date":"2023-10-31T09:26:39","date_gmt":"2023-10-31T06:26:39","guid":{"rendered":"https:\/\/sana.sy\/es\/?p=312956"},"modified":"2023-10-31T09:26:39","modified_gmt":"2023-10-31T06:26:39","slug":"mas-de-70-palestinos-mueren-durante-las-ultimas-horas-en-nuevos-bombardeos-israelies-contra-gaza","status":"publish","type":"post","link":"https:\/\/archive.sana.sy\/es\/?p=312956","title":{"rendered":"M\u00e1s de 70 palestinos mueren durante las \u00faltimas horas en nuevos bombardeos israel\u00edes contra Gaza"},"content":{"rendered":"<p style=\"text-align: justify;\"><span style=\"color: #800000;\"><strong>Jerusal\u00e9n ocupada , 31 oct (SANA)\u00a0<\/strong><\/span> Al menos 73\u00a0 palestinos murieron y otros fueron lesionados durante las \u00faltimas horas en ataques a\u00e9reos nocturnos perpetrados por el ej\u00e9rcito israel\u00ed contra la Franja de Gaza.<\/p>\n<p style=\"text-align: justify;\">Los fuertes bombardeos provocaron destrucci\u00f3n masiva\u00a0de decenas de edificios y viviendas de los palestinos.<br \/>\nSeg\u00fan informaron medios palestinos , los aviones de combate israel\u00edes lanzaron incursiones contra viviendas en la ciudad de Rafah, al sur de Gaza, que provocaron la muerte de 27 palestinos y decenas de heridos.<\/p>\n<p style=\"text-align: justify;\">Mientras tanto, 40 palestinos perdieron la vida\u00a0 y decenas resultaron heridos en semejantes bombardeos sionistas contra\u00a0viviendas en Al-Zawaida y el barrio de Al-Zaytoun en el centro de este enclave costero.<br \/>\nEn el norte, seis palestinos, entre ellos un ni\u00f1o murieron\u00a0 y otros resultaron heridos en un bombardeo israel\u00ed contra el campo de Jabalya.<\/p>\n<p style=\"text-align: justify;\">\nAscendi\u00f3 a 8.306 la cifra de palestinos asesinados por bombardeos israel\u00edes contra la Franja de Gaza, desde el inicio de la ofensiva israel\u00ed en ese territorio, entre ellos , 3.457 ni\u00f1os y 2.136 mujeres mientras que m\u00e1s de 21.048 personas resultaron heridas.<\/p>\n<p style=\"text-align: justify;\"><strong>ws\/fm<\/strong><\/p>\n","protected":false},"excerpt":{"rendered":"<p>Jerusal\u00e9n ocupada , 31 oct (SANA)\u00a0 Al menos 73\u00a0 palestinos murieron y otros fueron lesionados durante las \u00faltimas horas en ataques a\u00e9reos nocturnos perpetrados por el ej\u00e9rcito israel\u00ed contra la Franja de Gaza. Los fuertes bombardeos provocaron destrucci\u00f3n masiva\u00a0de decenas de edificios y viviendas de los palestinos. Seg\u00fan informaron medios palestinos , los aviones de &hellip;<\/p>\n","protected":false},"author":35,"featured_media":312957,"comment_status":"closed","ping_status":"closed","sticky":false,"template":"","format":"standard","meta":{"footnotes":""},"categories":[597,456,16687,20724,583],"tags":[],"class_list":["post-312956","post","type-post","status-publish","format-standard","has-post-thumbnail","","category-cinta-de-noticias","category-arabe-internacional-politica","category-internacionales","category-minuto-a-minuto","category-slide"],"_links":{"self":[{"href":"https:\/\/archive.sana.sy\/es\/index.php?rest_route=\/wp\/v2\/posts\/312956"}],"collection":[{"href":"https:\/\/archive.sana.sy\/es\/index.php?rest_route=\/wp\/v2\/posts"}],"about":[{"href":"https:\/\/archive.sana.sy\/es\/index.php?rest_route=\/wp\/v2\/types\/post"}],"author":[{"embeddable":true,"href":"https:\/\/archive.sana.sy\/es\/index.php?rest_route=\/wp\/v2\/users\/35"}],"replies":[{"embeddable":true,"href":"https:\/\/archive.sana.sy\/es\/index.php?rest_route=%2Fwp%2Fv2%2Fcomments&post=312956"}],"version-history":[{"count":1,"href":"https:\/\/archive.sana.sy\/es\/index.php?rest_route=\/wp\/v2\/posts\/312956\/revisions"}],"predecessor-version":[{"id":312958,"href":"https:\/\/archive.sana.sy\/es\/index.php?rest_route=\/wp\/v2\/posts\/312956\/revisions\/312958"}],"wp:featuredmedia":[{"embeddable":true,"href":"https:\/\/archive.sana.sy\/es\/index.php?rest_route=\/wp\/v2\/media\/312957"}],"wp:attachment":[{"href":"https:\/\/archive.sana.sy\/es\/index.php?rest_route=%2Fwp%2Fv2%2Fmedia&parent=312956"}],"wp:term":[{"taxonomy":"category","embeddable":true,"href":"https:\/\/archive.sana.sy\/es\/index.php?rest_route=%2Fwp%2Fv2%2Fcategories&post=312956"},{"taxonomy":"post_tag","embeddable":true,"href":"https:\/\/archive.sana.sy\/es\/index.php?rest_route=%2Fwp%2Fv2%2Ftags&post=312956"}],"curies":[{"name":"wp","href":"https:\/\/api.w.org\/{rel}","templated":true}]}}