{"id":312959,"date":"2023-10-31T10:22:09","date_gmt":"2023-10-31T07:22:09","guid":{"rendered":"https:\/\/sana.sy\/es\/?p=312959"},"modified":"2023-10-31T10:22:09","modified_gmt":"2023-10-31T07:22:09","slug":"hagan-algo-para-detener-los-crimenes-israelies-exige-palestina-en-el-consejo-de-seguridad","status":"publish","type":"post","link":"https:\/\/archive.sana.sy\/es\/?p=312959","title":{"rendered":"Hagan algo para detener los cr\u00edmenes israel\u00edes, exige Palestina en el Consejo de Seguridad"},"content":{"rendered":"<blockquote>\n<p style=\"text-align: justify;\"><span style=\"color: #800000;\">&#8220;Tr\u00e1tennos como seres humanos y hagan algo para poner fin a estos cr\u00edmenes cometidos contra nuestros ni\u00f1os, mujeres y pacientes&#8221;, dijo el embajador palestino en un discurso durante una sesi\u00f3n de emergencia del Consejo de Seguridad de la ONU .<\/span><\/p>\n<\/blockquote>\n<p style=\"text-align: justify;\"><span style=\"color: #800000;\"><strong>Nueva York, 31 oct (SANA)\u00a0<\/strong> <\/span>El representante permanente de Palestina ante las Naciones Unidas, Riyad Mansour, pidi\u00f3 a los miembros del Consejo de Seguridad de la ONU que act\u00faen para detener los\u00a0 bombardeos brutales israel\u00edes contra la Franja de Gaza.<\/p>\n<p style=\"text-align: justify;\">&#8220;Tr\u00e1tennos como seres humanos y hagan algo para poner fin a estos cr\u00edmenes cometidos contra nuestros ni\u00f1os, mujeres y pacientes&#8221;, dijo el embajador palestino en un discurso durante una sesi\u00f3n de emergencia del Consejo de Seguridad de la ONU .<\/p>\n<p style=\"text-align: justify;\">El diplom\u00e1tico revel\u00f3 que 3.500 ni\u00f1os palestinos fueron asesinados por \u201cIsrael\u201d en solo tres semanas, es decir, m\u00e1s que el n\u00famero de ni\u00f1os asesinados en zonas de conflicto en todo el mundo desde 2019.<\/p>\n<p style=\"text-align: justify;\">&#8220;\u00bfCu\u00e1ntos d\u00edas m\u00e1s tendremos que esperar hasta que digamos basta?, su presencia es en vano y no act\u00faa ni se mueve para mantener la paz y la seguridad internacionales y detener esta guerra&#8221;, denunci\u00f3.<\/p>\n<p style=\"text-align: justify;\">Durante varias sesiones sobre la situaci\u00f3n en Gaza, el Consejo de Seguridad de las Naciones Unidas no logr\u00f3 adoptar un proyecto de resoluci\u00f3n para un alto el fuego en Gaza\u00a0 debido al \u201cveto\u201d estadounidense.<\/p>\n<p style=\"text-align: justify;\"><strong>ws\/fm<\/strong><\/p>\n","protected":false},"excerpt":{"rendered":"<p>&#8220;Tr\u00e1tennos como seres humanos y hagan algo para poner fin a estos cr\u00edmenes cometidos contra nuestros ni\u00f1os, mujeres y pacientes&#8221;, dijo el embajador palestino en un discurso durante una sesi\u00f3n de emergencia del Consejo de Seguridad de la ONU . Nueva York, 31 oct (SANA)\u00a0 El representante permanente de Palestina ante las Naciones Unidas, Riyad &hellip;<\/p>\n","protected":false},"author":35,"featured_media":312960,"comment_status":"closed","ping_status":"closed","sticky":false,"template":"","format":"standard","meta":{"footnotes":""},"categories":[597,456,16687,20724,583],"tags":[],"class_list":["post-312959","post","type-post","status-publish","format-standard","has-post-thumbnail","","category-cinta-de-noticias","category-arabe-internacional-politica","category-internacionales","category-minuto-a-minuto","category-slide"],"_links":{"self":[{"href":"https:\/\/archive.sana.sy\/es\/index.php?rest_route=\/wp\/v2\/posts\/312959"}],"collection":[{"href":"https:\/\/archive.sana.sy\/es\/index.php?rest_route=\/wp\/v2\/posts"}],"about":[{"href":"https:\/\/archive.sana.sy\/es\/index.php?rest_route=\/wp\/v2\/types\/post"}],"author":[{"embeddable":true,"href":"https:\/\/archive.sana.sy\/es\/index.php?rest_route=\/wp\/v2\/users\/35"}],"replies":[{"embeddable":true,"href":"https:\/\/archive.sana.sy\/es\/index.php?rest_route=%2Fwp%2Fv2%2Fcomments&post=312959"}],"version-history":[{"count":1,"href":"https:\/\/archive.sana.sy\/es\/index.php?rest_route=\/wp\/v2\/posts\/312959\/revisions"}],"predecessor-version":[{"id":312961,"href":"https:\/\/archive.sana.sy\/es\/index.php?rest_route=\/wp\/v2\/posts\/312959\/revisions\/312961"}],"wp:featuredmedia":[{"embeddable":true,"href":"https:\/\/archive.sana.sy\/es\/index.php?rest_route=\/wp\/v2\/media\/312960"}],"wp:attachment":[{"href":"https:\/\/archive.sana.sy\/es\/index.php?rest_route=%2Fwp%2Fv2%2Fmedia&parent=312959"}],"wp:term":[{"taxonomy":"category","embeddable":true,"href":"https:\/\/archive.sana.sy\/es\/index.php?rest_route=%2Fwp%2Fv2%2Fcategories&post=312959"},{"taxonomy":"post_tag","embeddable":true,"href":"https:\/\/archive.sana.sy\/es\/index.php?rest_route=%2Fwp%2Fv2%2Ftags&post=312959"}],"curies":[{"name":"wp","href":"https:\/\/api.w.org\/{rel}","templated":true}]}}