{"id":312964,"date":"2023-10-31T10:51:24","date_gmt":"2023-10-31T07:51:24","guid":{"rendered":"http:\/\/sana.sy\/es\/?p=312964"},"modified":"2023-10-31T19:57:39","modified_gmt":"2023-10-31T16:57:39","slug":"al-menos-31-periodistas-fueron-asesinados-durante-la-agresion-israeli-contra-gaza","status":"publish","type":"post","link":"https:\/\/archive.sana.sy\/es\/?p=312964","title":{"rendered":"Al menos 31 periodistas fueron asesinados durante la agresi\u00f3n israel\u00ed contra Gaza"},"content":{"rendered":"<p style=\"text-align: justify\"><span style=\"color: #800000\"><strong>Nueva York, 31 oct (SANA) <\/strong><\/span>El Comit\u00e9 para la Protecci\u00f3n de los Periodistas, una organizaci\u00f3n no gubernamental con sede en Nueva York, inform\u00f3 que 31 periodistas perdieron la vida por ataques israel\u00edes en la Franja de Gaza, desde el 7 del actual mes de octubre.<\/p>\n<p style=\"text-align: justify\">En un comunicado, el Comit\u00e9 se\u00f1al\u00f3 que el n\u00famero de periodistas asesinados en Gaza es el mayor registrado desde 1992, a\u00f1o en que se comenz\u00f3 a documentar las v\u00edctimas del periodismo.<\/p>\n<p>&nbsp;<\/p>\n<p style=\"text-align: justify\">as\/fm<\/p>\n","protected":false},"excerpt":{"rendered":"<p>Nueva York, 31 oct (SANA) El Comit\u00e9 para la Protecci\u00f3n de los Periodistas, una organizaci\u00f3n no gubernamental con sede en Nueva York, inform\u00f3 que 31 periodistas perdieron la vida por ataques israel\u00edes en la Franja de Gaza, desde el 7 del actual mes de octubre. En un comunicado, el Comit\u00e9 se\u00f1al\u00f3 que el n\u00famero de &hellip;<\/p>\n","protected":false},"author":42,"featured_media":312965,"comment_status":"closed","ping_status":"closed","sticky":false,"template":"","format":"standard","meta":{"footnotes":""},"categories":[597,456,20724,7541],"tags":[],"class_list":["post-312964","post","type-post","status-publish","format-standard","has-post-thumbnail","","category-cinta-de-noticias","category-arabe-internacional-politica","category-minuto-a-minuto","category-ultimas-noticias"],"_links":{"self":[{"href":"https:\/\/archive.sana.sy\/es\/index.php?rest_route=\/wp\/v2\/posts\/312964"}],"collection":[{"href":"https:\/\/archive.sana.sy\/es\/index.php?rest_route=\/wp\/v2\/posts"}],"about":[{"href":"https:\/\/archive.sana.sy\/es\/index.php?rest_route=\/wp\/v2\/types\/post"}],"author":[{"embeddable":true,"href":"https:\/\/archive.sana.sy\/es\/index.php?rest_route=\/wp\/v2\/users\/42"}],"replies":[{"embeddable":true,"href":"https:\/\/archive.sana.sy\/es\/index.php?rest_route=%2Fwp%2Fv2%2Fcomments&post=312964"}],"version-history":[{"count":3,"href":"https:\/\/archive.sana.sy\/es\/index.php?rest_route=\/wp\/v2\/posts\/312964\/revisions"}],"predecessor-version":[{"id":313043,"href":"https:\/\/archive.sana.sy\/es\/index.php?rest_route=\/wp\/v2\/posts\/312964\/revisions\/313043"}],"wp:featuredmedia":[{"embeddable":true,"href":"https:\/\/archive.sana.sy\/es\/index.php?rest_route=\/wp\/v2\/media\/312965"}],"wp:attachment":[{"href":"https:\/\/archive.sana.sy\/es\/index.php?rest_route=%2Fwp%2Fv2%2Fmedia&parent=312964"}],"wp:term":[{"taxonomy":"category","embeddable":true,"href":"https:\/\/archive.sana.sy\/es\/index.php?rest_route=%2Fwp%2Fv2%2Fcategories&post=312964"},{"taxonomy":"post_tag","embeddable":true,"href":"https:\/\/archive.sana.sy\/es\/index.php?rest_route=%2Fwp%2Fv2%2Ftags&post=312964"}],"curies":[{"name":"wp","href":"https:\/\/api.w.org\/{rel}","templated":true}]}}