{"id":312969,"date":"2023-10-31T12:16:45","date_gmt":"2023-10-31T09:16:45","guid":{"rendered":"https:\/\/sana.sy\/es\/?p=312969"},"modified":"2023-10-31T12:16:45","modified_gmt":"2023-10-31T09:16:45","slug":"los-ataques-israelies-contra-hospitales-restantes-en-gaza-constituye-escalada-de-crimenes-israelies","status":"publish","type":"post","link":"https:\/\/archive.sana.sy\/es\/?p=312969","title":{"rendered":"Los ataques israel\u00edes contra hospitales restantes en Gaza constituye escalada de cr\u00edmenes israel\u00edes"},"content":{"rendered":"<p style=\"text-align: justify;\"><span style=\"color: #800000;\"><strong>Jerusal\u00e9n ocupada, 31 oct (SANA)\u00a0<\/strong><\/span> \u00a0El Ministerio de Exteriores palestino afirm\u00f3 que los bombardeos israel\u00edes\u00a0 contra los hospitales que siguen en servicio en la Franja de Gaza es una escalada del genocidio cometido en este territorio, y pidi\u00f3 a la comunidad internacional que brinde protecci\u00f3n a los hospitales.<\/p>\n<p style=\"text-align: justify;\">El Ministerio explic\u00f3 en un comunicado difundido hoy por la Agencia Wafa, que estos cr\u00edmenes atroces privan a los heridos y enfermos de su derecho a las formas m\u00e1s simples de tratamiento, y tambi\u00e9n ampl\u00edan el desplazamiento forzado de la poblaci\u00f3n gazat\u00ed, ya que\u00a0 miles se refugiaron en hospitales para escapar de los bombardeos.<\/p>\n<p style=\"text-align: justify;\">\u00a0 El Ministerio de Relaciones Exteriores palestino conden\u00f3 los ataques deliberados del ocupante contra los restantes hospitales, centros de salud, ambulancias y personal m\u00e9dico y de emergencia que trabajan en la Franja de Gaza, bombarde\u00e1ndolos directamente con aviones de combate.<\/p>\n<p style=\"text-align: justify;\">ed\/fm<\/p>\n","protected":false},"excerpt":{"rendered":"<p>Jerusal\u00e9n ocupada, 31 oct (SANA)\u00a0 \u00a0El Ministerio de Exteriores palestino afirm\u00f3 que los bombardeos israel\u00edes\u00a0 contra los hospitales que siguen en servicio en la Franja de Gaza es una escalada del genocidio cometido en este territorio, y pidi\u00f3 a la comunidad internacional que brinde protecci\u00f3n a los hospitales. El Ministerio explic\u00f3 en un comunicado difundido &hellip;<\/p>\n","protected":false},"author":32,"featured_media":312970,"comment_status":"closed","ping_status":"closed","sticky":false,"template":"","format":"standard","meta":{"footnotes":""},"categories":[597,456,16687,20724,7541],"tags":[],"class_list":["post-312969","post","type-post","status-publish","format-standard","has-post-thumbnail","","category-cinta-de-noticias","category-arabe-internacional-politica","category-internacionales","category-minuto-a-minuto","category-ultimas-noticias"],"_links":{"self":[{"href":"https:\/\/archive.sana.sy\/es\/index.php?rest_route=\/wp\/v2\/posts\/312969"}],"collection":[{"href":"https:\/\/archive.sana.sy\/es\/index.php?rest_route=\/wp\/v2\/posts"}],"about":[{"href":"https:\/\/archive.sana.sy\/es\/index.php?rest_route=\/wp\/v2\/types\/post"}],"author":[{"embeddable":true,"href":"https:\/\/archive.sana.sy\/es\/index.php?rest_route=\/wp\/v2\/users\/32"}],"replies":[{"embeddable":true,"href":"https:\/\/archive.sana.sy\/es\/index.php?rest_route=%2Fwp%2Fv2%2Fcomments&post=312969"}],"version-history":[{"count":1,"href":"https:\/\/archive.sana.sy\/es\/index.php?rest_route=\/wp\/v2\/posts\/312969\/revisions"}],"predecessor-version":[{"id":312971,"href":"https:\/\/archive.sana.sy\/es\/index.php?rest_route=\/wp\/v2\/posts\/312969\/revisions\/312971"}],"wp:featuredmedia":[{"embeddable":true,"href":"https:\/\/archive.sana.sy\/es\/index.php?rest_route=\/wp\/v2\/media\/312970"}],"wp:attachment":[{"href":"https:\/\/archive.sana.sy\/es\/index.php?rest_route=%2Fwp%2Fv2%2Fmedia&parent=312969"}],"wp:term":[{"taxonomy":"category","embeddable":true,"href":"https:\/\/archive.sana.sy\/es\/index.php?rest_route=%2Fwp%2Fv2%2Fcategories&post=312969"},{"taxonomy":"post_tag","embeddable":true,"href":"https:\/\/archive.sana.sy\/es\/index.php?rest_route=%2Fwp%2Fv2%2Ftags&post=312969"}],"curies":[{"name":"wp","href":"https:\/\/api.w.org\/{rel}","templated":true}]}}