{"id":31300,"date":"2015-10-09T15:09:55","date_gmt":"2015-10-09T12:09:55","guid":{"rendered":"http:\/\/sana.sy\/es\/?p=31300"},"modified":"2015-10-09T15:09:55","modified_gmt":"2015-10-09T12:09:55","slug":"detenido-en-libano-un-terrorista-vinculado-al-frente-al-nusra-en-sidon","status":"publish","type":"post","link":"https:\/\/archive.sana.sy\/es\/?p=31300","title":{"rendered":"Detenido en  L\u00edbano un terrorista vinculado al &#8220;frente Al-Nusra&#8221; en Sid\u00f3n"},"content":{"rendered":"<p style=\"text-align: justify\"><span style=\"color: #800000\">Beirut, SANA-<\/span> Las fuerzas de seguridad libanesas arrestaron a un terrorista sirio vinculado a la organizaci\u00f3n terrorista el &#8220;Frente al-Nusra &#8221; en el sur de L\u00edbano.<\/p>\n<p style=\"text-align: justify\">La agencia nacional libanesa de noticias inform\u00f3 que la fuerza de seguridad libanesa detuvo a un terrorista sirio en la ciudad de Ansarih el regi\u00f3n de Sid\u00f3n, en el sur del L\u00edbano, por tener v\u00ednculos y mantener comunicaci\u00f3n con la organizaci\u00f3n terrorista de &#8220;Frente Al-Nusra&#8221;.<\/p>\n<p style=\"text-align: justify\">Por otra parte, el ej\u00e9rcito liban\u00e9s arrest\u00f3 a 150 sirios por no tener documentos de identidad adecuados y por entrar en el L\u00edbano ilegalmente.<\/p>\n<p style=\"text-align: justify\">En el mismo contexto, el ej\u00e9rcito liban\u00e9s detuvo hace dos d\u00edas en la ciudad de Arsal en el noreste del L\u00edbano a un terrorista por el contrabando de ramas a las organizaciones terroristas que se encuentran en las monta\u00f1as de la ciudad de Arsal.<\/p>\n<p>M.Miri<\/p>\n","protected":false},"excerpt":{"rendered":"<p>Beirut, SANA- Las fuerzas de seguridad libanesas arrestaron a un terrorista sirio vinculado a la organizaci\u00f3n terrorista el &#8220;Frente al-Nusra &#8221; en el sur de L\u00edbano. La agencia nacional libanesa de noticias inform\u00f3 que la fuerza de seguridad libanesa detuvo a un terrorista sirio en la ciudad de Ansarih el regi\u00f3n de Sid\u00f3n, en el &hellip;<\/p>\n","protected":false},"author":1,"featured_media":31301,"comment_status":"closed","ping_status":"closed","sticky":false,"template":"","format":"standard","meta":{"footnotes":""},"categories":[456,457,576],"tags":[6965],"class_list":["post-31300","post","type-post","status-publish","format-standard","has-post-thumbnail","","category-arabe-internacional-politica","category-noticias-arabe-internacional-politica","category-noticias-politicas","tag-detenido-en-libano-un-terrorista-vinculado-al-frente-al-nusra-en-sidon"],"_links":{"self":[{"href":"https:\/\/archive.sana.sy\/es\/index.php?rest_route=\/wp\/v2\/posts\/31300"}],"collection":[{"href":"https:\/\/archive.sana.sy\/es\/index.php?rest_route=\/wp\/v2\/posts"}],"about":[{"href":"https:\/\/archive.sana.sy\/es\/index.php?rest_route=\/wp\/v2\/types\/post"}],"author":[{"embeddable":true,"href":"https:\/\/archive.sana.sy\/es\/index.php?rest_route=\/wp\/v2\/users\/1"}],"replies":[{"embeddable":true,"href":"https:\/\/archive.sana.sy\/es\/index.php?rest_route=%2Fwp%2Fv2%2Fcomments&post=31300"}],"version-history":[{"count":0,"href":"https:\/\/archive.sana.sy\/es\/index.php?rest_route=\/wp\/v2\/posts\/31300\/revisions"}],"wp:featuredmedia":[{"embeddable":true,"href":"https:\/\/archive.sana.sy\/es\/index.php?rest_route=\/wp\/v2\/media\/31301"}],"wp:attachment":[{"href":"https:\/\/archive.sana.sy\/es\/index.php?rest_route=%2Fwp%2Fv2%2Fmedia&parent=31300"}],"wp:term":[{"taxonomy":"category","embeddable":true,"href":"https:\/\/archive.sana.sy\/es\/index.php?rest_route=%2Fwp%2Fv2%2Fcategories&post=31300"},{"taxonomy":"post_tag","embeddable":true,"href":"https:\/\/archive.sana.sy\/es\/index.php?rest_route=%2Fwp%2Fv2%2Ftags&post=31300"}],"curies":[{"name":"wp","href":"https:\/\/api.w.org\/{rel}","templated":true}]}}