{"id":31306,"date":"2015-10-09T16:09:06","date_gmt":"2015-10-09T13:09:06","guid":{"rendered":"http:\/\/sana.sy\/es\/?p=31306"},"modified":"2015-10-09T16:52:48","modified_gmt":"2015-10-09T13:52:48","slug":"ee-uu-pondra-fin-al-programa-para-armar-y-entrenar-a-la-oposicion-moderada-siria","status":"publish","type":"post","link":"https:\/\/archive.sana.sy\/es\/?p=31306","title":{"rendered":"EE.UU pondr\u00e1 fin al programa para armar y entrenar a la oposici\u00f3n moderada siria"},"content":{"rendered":"<p style=\"text-align: justify\"><span style=\"color: #800000\">Washington, SANA<\/span>&#8211; El Gobierno de Estados Unidos ha decidido poner fin al programa dotado con 500 millones de d\u00f3lares \u00a0para armar y entrenar a la llamada \u201coposici\u00f3n moderada siria\u201d, seg\u00fan han informado al diario &#8216;The New York Times&#8217; dos responsables gubernamentales norteamericanos.<\/p>\n<p style=\"text-align: justify\">La decisi\u00f3n de cerrar este programa ha sido adoptada por Estados Unidos tras constatar que no ha conseguido crear fuerzas terrestres de combate capaces de imponerse a los milicianos de Estado Isl\u00e1mico en Siria.<\/p>\n<p style=\"text-align: justify\">La previsi\u00f3n es que el Pent\u00e1gono confirme oficialmente el final del programa este viernes, cuando el secretario de Defensa, Ashton Carter, abandonar\u00e1 Londres tras reunirse con su hom\u00f3logo brit\u00e1nico, Michael Fallon.<\/p>\n<p style=\"text-align: justify\">Un responsable del Departamento de Defensa norteamericano ha afirmado que no va a haber m\u00e1s reclutamiento de rebeldes moderados sirios para someterlos a programas de entrenamiento en Jordania, Qatar, Arabia Saud\u00ed y Emiratos \u00c1rabes Unidos.<\/p>\n<p style=\"text-align: justify\">En lugar de eso, se establecer\u00e1 un centro de formaci\u00f3n en Turqu\u00eda de mucha menor entidad y en el que se dar\u00e1 formaci\u00f3n a l\u00edderes de grupos opositores sirios sobre maniobras operativas.<\/p>\n<p>M.Miri<\/p>\n","protected":false},"excerpt":{"rendered":"<p>Washington, SANA&#8211; El Gobierno de Estados Unidos ha decidido poner fin al programa dotado con 500 millones de d\u00f3lares \u00a0para armar y entrenar a la llamada \u201coposici\u00f3n moderada siria\u201d, seg\u00fan han informado al diario &#8216;The New York Times&#8217; dos responsables gubernamentales norteamericanos. La decisi\u00f3n de cerrar este programa ha sido adoptada por Estados Unidos tras &hellip;<\/p>\n","protected":false},"author":1,"featured_media":31308,"comment_status":"closed","ping_status":"closed","sticky":false,"template":"","format":"standard","meta":{"footnotes":""},"categories":[555,456,457,576],"tags":[6967],"class_list":["post-31306","post","type-post","status-publish","format-standard","has-post-thumbnail","","category-prensa","category-arabe-internacional-politica","category-noticias-arabe-internacional-politica","category-noticias-politicas","tag-ee-uu-pondra-fin-al-programa-para-armar-y-entrenar-a-la-oposicion-moderada-siria"],"_links":{"self":[{"href":"https:\/\/archive.sana.sy\/es\/index.php?rest_route=\/wp\/v2\/posts\/31306"}],"collection":[{"href":"https:\/\/archive.sana.sy\/es\/index.php?rest_route=\/wp\/v2\/posts"}],"about":[{"href":"https:\/\/archive.sana.sy\/es\/index.php?rest_route=\/wp\/v2\/types\/post"}],"author":[{"embeddable":true,"href":"https:\/\/archive.sana.sy\/es\/index.php?rest_route=\/wp\/v2\/users\/1"}],"replies":[{"embeddable":true,"href":"https:\/\/archive.sana.sy\/es\/index.php?rest_route=%2Fwp%2Fv2%2Fcomments&post=31306"}],"version-history":[{"count":0,"href":"https:\/\/archive.sana.sy\/es\/index.php?rest_route=\/wp\/v2\/posts\/31306\/revisions"}],"wp:featuredmedia":[{"embeddable":true,"href":"https:\/\/archive.sana.sy\/es\/index.php?rest_route=\/wp\/v2\/media\/31308"}],"wp:attachment":[{"href":"https:\/\/archive.sana.sy\/es\/index.php?rest_route=%2Fwp%2Fv2%2Fmedia&parent=31306"}],"wp:term":[{"taxonomy":"category","embeddable":true,"href":"https:\/\/archive.sana.sy\/es\/index.php?rest_route=%2Fwp%2Fv2%2Fcategories&post=31306"},{"taxonomy":"post_tag","embeddable":true,"href":"https:\/\/archive.sana.sy\/es\/index.php?rest_route=%2Fwp%2Fv2%2Ftags&post=31306"}],"curies":[{"name":"wp","href":"https:\/\/api.w.org\/{rel}","templated":true}]}}