{"id":313063,"date":"2023-11-01T11:18:41","date_gmt":"2023-11-01T08:18:41","guid":{"rendered":"https:\/\/sana.sy\/es\/?p=313063"},"modified":"2023-11-01T11:18:41","modified_gmt":"2023-11-01T08:18:41","slug":"el-minuto-a-minuto-del-vigesimo-sexto-dia-de-la-operacion-diluvio-de-al-aqsa","status":"publish","type":"post","link":"https:\/\/archive.sana.sy\/es\/?p=313063","title":{"rendered":"El minuto a minuto del vig\u00e9simo sexto d\u00eda de la operaci\u00f3n \u2018Diluvio de Al-Aqsa\u2019"},"content":{"rendered":"<p style=\"text-align: justify;\"><span style=\"color: #800000;\"><strong>Jerusal\u00e9n ocupada, 01 nov (SANA)\u00a0<\/strong><\/span>A continuaci\u00f3n, los principales acontecimientos relativos al vig\u00e9simo segundo d\u00eda de la operaci\u00f3n \u2018Diluvio de Al-Aqsa\u2019, lanzada por la resistencia palestina en respuesta a las agresiones israel\u00edes:<\/p>\n<p style=\"text-align: justify;\">???????? Ej\u00e9rcito israel\u00ed reconoce muerte de 9 de sus soldados por un misil guiado que impact\u00f3 contra su veh\u00edculo blindado en el norte de la Franja de Gaza.<\/p>\n<p style=\"text-align: justify;\">???????? \u00a0Cuatro muertos por bombardeos a\u00e9reos israel\u00edes contra una casa en el campo de Nuseirat, en el centro de la Franja de Gaza.<\/p>\n<p style=\"text-align: justify;\">????????\u00a0Una casa en el campo de Jabalia en el norte de Gaza fue bombardeada por \u201cIsrael\u201d causando la muerte de 8 palestinos.<\/p>\n<p style=\"text-align: justify;\">???????? 12 palestinos pierden la vida y otros 40 resultan heridos en bombardeo de un avi\u00f3n de combate israel\u00ed contra dos viviendas en la ciudad de Khan Yunis, al sur de la Franja de Gaza.<\/p>\n<p style=\"text-align: justify;\">???????? Los combatientes de la resistencia palestina destruyen con proyectiles \u201cAl-Yassin 105\u201d a un veh\u00edculo blindado israel\u00ed que penetr\u00f3 al este del barrio de Zaitoun, en Gaza<\/p>\n<p style=\"text-align: justify;\">\n","protected":false},"excerpt":{"rendered":"<p>Jerusal\u00e9n ocupada, 01 nov (SANA)\u00a0A continuaci\u00f3n, los principales acontecimientos relativos al vig\u00e9simo segundo d\u00eda de la operaci\u00f3n \u2018Diluvio de Al-Aqsa\u2019, lanzada por la resistencia palestina en respuesta a las agresiones israel\u00edes: ???????? Ej\u00e9rcito israel\u00ed reconoce muerte de 9 de sus soldados por un misil guiado que impact\u00f3 contra su veh\u00edculo blindado en el norte de &hellip;<\/p>\n","protected":false},"author":42,"featured_media":313070,"comment_status":"closed","ping_status":"closed","sticky":false,"template":"","format":"standard","meta":{"footnotes":""},"categories":[597,456,16687,20724,583],"tags":[],"class_list":["post-313063","post","type-post","status-publish","format-standard","has-post-thumbnail","","category-cinta-de-noticias","category-arabe-internacional-politica","category-internacionales","category-minuto-a-minuto","category-slide"],"_links":{"self":[{"href":"https:\/\/archive.sana.sy\/es\/index.php?rest_route=\/wp\/v2\/posts\/313063"}],"collection":[{"href":"https:\/\/archive.sana.sy\/es\/index.php?rest_route=\/wp\/v2\/posts"}],"about":[{"href":"https:\/\/archive.sana.sy\/es\/index.php?rest_route=\/wp\/v2\/types\/post"}],"author":[{"embeddable":true,"href":"https:\/\/archive.sana.sy\/es\/index.php?rest_route=\/wp\/v2\/users\/42"}],"replies":[{"embeddable":true,"href":"https:\/\/archive.sana.sy\/es\/index.php?rest_route=%2Fwp%2Fv2%2Fcomments&post=313063"}],"version-history":[{"count":1,"href":"https:\/\/archive.sana.sy\/es\/index.php?rest_route=\/wp\/v2\/posts\/313063\/revisions"}],"predecessor-version":[{"id":313071,"href":"https:\/\/archive.sana.sy\/es\/index.php?rest_route=\/wp\/v2\/posts\/313063\/revisions\/313071"}],"wp:featuredmedia":[{"embeddable":true,"href":"https:\/\/archive.sana.sy\/es\/index.php?rest_route=\/wp\/v2\/media\/313070"}],"wp:attachment":[{"href":"https:\/\/archive.sana.sy\/es\/index.php?rest_route=%2Fwp%2Fv2%2Fmedia&parent=313063"}],"wp:term":[{"taxonomy":"category","embeddable":true,"href":"https:\/\/archive.sana.sy\/es\/index.php?rest_route=%2Fwp%2Fv2%2Fcategories&post=313063"},{"taxonomy":"post_tag","embeddable":true,"href":"https:\/\/archive.sana.sy\/es\/index.php?rest_route=%2Fwp%2Fv2%2Ftags&post=313063"}],"curies":[{"name":"wp","href":"https:\/\/api.w.org\/{rel}","templated":true}]}}