{"id":313072,"date":"2023-11-01T11:25:15","date_gmt":"2023-11-01T08:25:15","guid":{"rendered":"https:\/\/sana.sy\/es\/?p=313072"},"modified":"2023-11-01T15:22:27","modified_gmt":"2023-11-01T12:22:27","slug":"israel-muestra-su-verdadero-rostro-fascista-e-inhumano-con-sus-masacres-en-gaza-afirma-siria","status":"publish","type":"post","link":"https:\/\/archive.sana.sy\/es\/?p=313072","title":{"rendered":"&#8220;Israel&#8221; muestra su verdadero rostro fascista e inhumano con sus masacres en Gaza, afirma Siria"},"content":{"rendered":"<blockquote>\n<p style=\"text-align: justify;\"><span style=\"color: #993300;\">&#8220;Son repugnantes las declaraciones de los enemigos de la humanidad en Estados Unidos y los pa\u00edses occidentales sobre el derecho de la entidad sionista a la \u201cautodefensa, y constituyen una luz verde que alienta a los asesinos en \u201cIsrael\u201d a seguir destruyendo hospitales, campos de refugiados y viviendas civiles&#8221;<\/span><\/p>\n<\/blockquote>\n<p style=\"text-align: justify;\"><span style=\"color: #800000;\"><strong>Damasco, 1 nov (SANA)<\/strong> <\/span>El Gobierno de Siria tach\u00f3 hoy de nuevo crimen de guerra y de lesa humanidad el bombardeo criminal israel\u00ed contra el campo de Jabalia en la Franja de Gaza, y que se cobr\u00f3 la vida de m\u00e1s de 400 palestinos y dej\u00f3 lesionados a otros cientos.<\/p>\n<p style=\"text-align: justify;\">Al cometer decenas de masacres cada d\u00eda y aplicar una pol\u00edtica de tierra arrasada, la entidad sionista muestra su rostro fascista que no tiene nada que ver con la humanidad, y que es completamente inconsistente con los valores establecidos por los Convenios de Ginebra, la Carta de las Naciones Unidas y las reglas m\u00e1s simples de derechos humanos, afirm\u00f3 un comunicado del Ministerio de Asuntos Exteriores y Expatriados.<\/p>\n<p style=\"text-align: justify;\">Seg\u00fan afirm\u00f3 la nota, el Ministerio consider\u00f3 que &#8220;los nuevos cr\u00edmenes sionistas recuerdan al mundo las masacres cometidas por las bandas sionistas en los a\u00f1os 1940 y 1950 en Deir Yassin y Kafr Qasem&#8221;.<\/p>\n<p style=\"text-align: justify;\">&#8220;Son repugnantes las declaraciones de los enemigos de la humanidad en Estados Unidos y los pa\u00edses occidentales sobre el derecho de la entidad sionista a la \u201cautodefensa, y constituyen una luz verde que alienta a los asesinos en \u201cIsrael\u201d a seguir destruyendo hospitales, campos de refugiados y viviendas civiles&#8221;, precis\u00f3 el texto.<\/p>\n<p style=\"text-align: justify;\">El Ministerio destac\u00f3 que Siria hace una vez m\u00e1s un llamado a los pueblos del mundo que luchan y que a\u00fan se adhieren a los valores para intensificar su lucha con el fin de detener estos cr\u00edmenes, porque si contin\u00faan sin control, quemar\u00e1n el patrimonio humano y arruinar\u00e1n la aspiraci\u00f3n por un mundo donde prevalece la paz y estabilidad.<\/p>\n<p style=\"text-align: justify;\">Los cr\u00edmenes israel\u00edes violan la Ley Internacional y los derechos humanos, que los mismos pa\u00edses occidentales se jactan cada d\u00eda de protegerlos, lo cual desvela el apoyo de estos estados al asesinato de palestinos, afirm\u00f3 la declaraci\u00f3n.<\/p>\n<p style=\"text-align: justify;\">fm\/as<\/p>\n","protected":false},"excerpt":{"rendered":"<p>&#8220;Son repugnantes las declaraciones de los enemigos de la humanidad en Estados Unidos y los pa\u00edses occidentales sobre el derecho de la entidad sionista a la \u201cautodefensa, y constituyen una luz verde que alienta a los asesinos en \u201cIsrael\u201d a seguir destruyendo hospitales, campos de refugiados y viviendas civiles&#8221; Damasco, 1 nov (SANA) El Gobierno &hellip;<\/p>\n","protected":false},"author":42,"featured_media":313073,"comment_status":"closed","ping_status":"closed","sticky":false,"template":"","format":"standard","meta":{"footnotes":""},"categories":[597,20724,467,583],"tags":[],"class_list":["post-313072","post","type-post","status-publish","format-standard","has-post-thumbnail","","category-cinta-de-noticias","category-minuto-a-minuto","category-siria-y-el-mundo","category-slide"],"_links":{"self":[{"href":"https:\/\/archive.sana.sy\/es\/index.php?rest_route=\/wp\/v2\/posts\/313072"}],"collection":[{"href":"https:\/\/archive.sana.sy\/es\/index.php?rest_route=\/wp\/v2\/posts"}],"about":[{"href":"https:\/\/archive.sana.sy\/es\/index.php?rest_route=\/wp\/v2\/types\/post"}],"author":[{"embeddable":true,"href":"https:\/\/archive.sana.sy\/es\/index.php?rest_route=\/wp\/v2\/users\/42"}],"replies":[{"embeddable":true,"href":"https:\/\/archive.sana.sy\/es\/index.php?rest_route=%2Fwp%2Fv2%2Fcomments&post=313072"}],"version-history":[{"count":4,"href":"https:\/\/archive.sana.sy\/es\/index.php?rest_route=\/wp\/v2\/posts\/313072\/revisions"}],"predecessor-version":[{"id":313132,"href":"https:\/\/archive.sana.sy\/es\/index.php?rest_route=\/wp\/v2\/posts\/313072\/revisions\/313132"}],"wp:featuredmedia":[{"embeddable":true,"href":"https:\/\/archive.sana.sy\/es\/index.php?rest_route=\/wp\/v2\/media\/313073"}],"wp:attachment":[{"href":"https:\/\/archive.sana.sy\/es\/index.php?rest_route=%2Fwp%2Fv2%2Fmedia&parent=313072"}],"wp:term":[{"taxonomy":"category","embeddable":true,"href":"https:\/\/archive.sana.sy\/es\/index.php?rest_route=%2Fwp%2Fv2%2Fcategories&post=313072"},{"taxonomy":"post_tag","embeddable":true,"href":"https:\/\/archive.sana.sy\/es\/index.php?rest_route=%2Fwp%2Fv2%2Ftags&post=313072"}],"curies":[{"name":"wp","href":"https:\/\/api.w.org\/{rel}","templated":true}]}}