{"id":313077,"date":"2023-11-01T11:36:17","date_gmt":"2023-11-01T08:36:17","guid":{"rendered":"https:\/\/sana.sy\/es\/?p=313077"},"modified":"2023-11-01T11:36:41","modified_gmt":"2023-11-01T08:36:41","slug":"venezuela-condena-ataque-israeli-contra-el-campo-de-refugiados-de-jabalia-en-gaza","status":"publish","type":"post","link":"https:\/\/archive.sana.sy\/es\/?p=313077","title":{"rendered":"Venezuela condena ataque israel\u00ed contra el campo de refugiados de Jabalia, en Gaza"},"content":{"rendered":"<p style=\"text-align: justify;\"><span style=\"color: #800000;\"><strong>Caracas, 01 nov (SANA)<\/strong><\/span>\u00a0 La Canciller\u00eda venezolana expres\u00f3 su en\u00e9rgica condena al ataque agresivo que cometi\u00f3 el ej\u00e9rcito israel\u00ed contra el campo de refugiados de Jabalia, una ciudad al norte de la Franja de Gaza, en el que murieron 400 palestinos.<\/p>\n<p style=\"text-align: justify;\">Seg\u00fan public\u00f3 el ministro de Exteriores de Venezuela, Iv\u00e1n Gil, en la plataforma \u201cX\u201d, Caracas rechaza categ\u00f3ricamente el genocidio emprendido por Israel contra el pueblo Palestino, con un nuevo atentado al Campo de Refugiados de Jabalia, que ha dejado cientos de v\u00edctimas.<\/p>\n<p style=\"text-align: justify;\">Asever\u00f3 que el pa\u00eds suramericano condena una vez m\u00e1s la violaci\u00f3n sistem\u00e1tica del derecho humanitario y el desprecio de los Convenios de Ginebra por parte del r\u00e9gimen sionista que constituye un crimen de guerra.<\/p>\n<p style=\"text-align: justify;\"><strong>ws\/fm<\/strong><\/p>\n","protected":false},"excerpt":{"rendered":"<p>Caracas, 01 nov (SANA)\u00a0 La Canciller\u00eda venezolana expres\u00f3 su en\u00e9rgica condena al ataque agresivo que cometi\u00f3 el ej\u00e9rcito israel\u00ed contra el campo de refugiados de Jabalia, una ciudad al norte de la Franja de Gaza, en el que murieron 400 palestinos. Seg\u00fan public\u00f3 el ministro de Exteriores de Venezuela, Iv\u00e1n Gil, en la plataforma \u201cX\u201d, &hellip;<\/p>\n","protected":false},"author":35,"featured_media":313078,"comment_status":"closed","ping_status":"closed","sticky":false,"template":"","format":"standard","meta":{"footnotes":""},"categories":[597,456,16687,20724,7541],"tags":[],"class_list":["post-313077","post","type-post","status-publish","format-standard","has-post-thumbnail","","category-cinta-de-noticias","category-arabe-internacional-politica","category-internacionales","category-minuto-a-minuto","category-ultimas-noticias"],"_links":{"self":[{"href":"https:\/\/archive.sana.sy\/es\/index.php?rest_route=\/wp\/v2\/posts\/313077"}],"collection":[{"href":"https:\/\/archive.sana.sy\/es\/index.php?rest_route=\/wp\/v2\/posts"}],"about":[{"href":"https:\/\/archive.sana.sy\/es\/index.php?rest_route=\/wp\/v2\/types\/post"}],"author":[{"embeddable":true,"href":"https:\/\/archive.sana.sy\/es\/index.php?rest_route=\/wp\/v2\/users\/35"}],"replies":[{"embeddable":true,"href":"https:\/\/archive.sana.sy\/es\/index.php?rest_route=%2Fwp%2Fv2%2Fcomments&post=313077"}],"version-history":[{"count":2,"href":"https:\/\/archive.sana.sy\/es\/index.php?rest_route=\/wp\/v2\/posts\/313077\/revisions"}],"predecessor-version":[{"id":313080,"href":"https:\/\/archive.sana.sy\/es\/index.php?rest_route=\/wp\/v2\/posts\/313077\/revisions\/313080"}],"wp:featuredmedia":[{"embeddable":true,"href":"https:\/\/archive.sana.sy\/es\/index.php?rest_route=\/wp\/v2\/media\/313078"}],"wp:attachment":[{"href":"https:\/\/archive.sana.sy\/es\/index.php?rest_route=%2Fwp%2Fv2%2Fmedia&parent=313077"}],"wp:term":[{"taxonomy":"category","embeddable":true,"href":"https:\/\/archive.sana.sy\/es\/index.php?rest_route=%2Fwp%2Fv2%2Fcategories&post=313077"},{"taxonomy":"post_tag","embeddable":true,"href":"https:\/\/archive.sana.sy\/es\/index.php?rest_route=%2Fwp%2Fv2%2Ftags&post=313077"}],"curies":[{"name":"wp","href":"https:\/\/api.w.org\/{rel}","templated":true}]}}