{"id":313081,"date":"2023-11-01T11:43:17","date_gmt":"2023-11-01T08:43:17","guid":{"rendered":"https:\/\/sana.sy\/es\/?p=313081"},"modified":"2023-11-01T11:43:17","modified_gmt":"2023-11-01T08:43:17","slug":"el-portavoz-del-ejercito-de-ocupacion-israeli-reconoce-la-muerte-de-326-soldados-desde-el-inicio-de-la-operacion-diluvio-de-al-aqsa-el-dia-7-de-octubre-pasado","status":"publish","type":"post","link":"https:\/\/archive.sana.sy\/es\/?p=313081","title":{"rendered":"El portavoz del ej\u00e9rcito de ocupaci\u00f3n israel\u00ed reconoce la muerte de 326 soldados desde el inicio de la operaci\u00f3n Diluvio de Al-Aqsa, el d\u00eda 7 de octubre pasado"},"content":{"rendered":"","protected":false},"excerpt":{"rendered":"","protected":false},"author":42,"featured_media":0,"comment_status":"closed","ping_status":"closed","sticky":false,"template":"","format":"standard","meta":{"footnotes":""},"categories":[20724,596],"tags":[],"class_list":["post-313081","post","type-post","status-publish","format-standard","","category-minuto-a-minuto","category-urgente"],"_links":{"self":[{"href":"https:\/\/archive.sana.sy\/es\/index.php?rest_route=\/wp\/v2\/posts\/313081"}],"collection":[{"href":"https:\/\/archive.sana.sy\/es\/index.php?rest_route=\/wp\/v2\/posts"}],"about":[{"href":"https:\/\/archive.sana.sy\/es\/index.php?rest_route=\/wp\/v2\/types\/post"}],"author":[{"embeddable":true,"href":"https:\/\/archive.sana.sy\/es\/index.php?rest_route=\/wp\/v2\/users\/42"}],"replies":[{"embeddable":true,"href":"https:\/\/archive.sana.sy\/es\/index.php?rest_route=%2Fwp%2Fv2%2Fcomments&post=313081"}],"version-history":[{"count":1,"href":"https:\/\/archive.sana.sy\/es\/index.php?rest_route=\/wp\/v2\/posts\/313081\/revisions"}],"predecessor-version":[{"id":313082,"href":"https:\/\/archive.sana.sy\/es\/index.php?rest_route=\/wp\/v2\/posts\/313081\/revisions\/313082"}],"wp:attachment":[{"href":"https:\/\/archive.sana.sy\/es\/index.php?rest_route=%2Fwp%2Fv2%2Fmedia&parent=313081"}],"wp:term":[{"taxonomy":"category","embeddable":true,"href":"https:\/\/archive.sana.sy\/es\/index.php?rest_route=%2Fwp%2Fv2%2Fcategories&post=313081"},{"taxonomy":"post_tag","embeddable":true,"href":"https:\/\/archive.sana.sy\/es\/index.php?rest_route=%2Fwp%2Fv2%2Ftags&post=313081"}],"curies":[{"name":"wp","href":"https:\/\/api.w.org\/{rel}","templated":true}]}}