{"id":313083,"date":"2023-11-01T11:48:01","date_gmt":"2023-11-01T08:48:01","guid":{"rendered":"https:\/\/sana.sy\/es\/?p=313083"},"modified":"2023-11-01T11:48:01","modified_gmt":"2023-11-01T08:48:01","slug":"huelga-en-cisjordania-en-repudio-a-la-agresion-fascista-israeli-contra-gaza","status":"publish","type":"post","link":"https:\/\/archive.sana.sy\/es\/?p=313083","title":{"rendered":"Huelga en Cisjordania en repudio a la agresi\u00f3n fascista israel\u00ed contra Gaza"},"content":{"rendered":"<p style=\"text-align: justify;\"><span style=\"color: #800000;\"><strong>Jerusal\u00e9n ocupada, 01 nov (SANA) <\/strong><\/span>Los palestinos en Cisjordania anunciaron hoy una huelga general para denunciar la agresi\u00f3n israel\u00ed que contin\u00faa por vig\u00e9simo sexto d\u00eda contra la sitiada Franja de Gaza y Cisjordania, provocando 8.600 muertos y m\u00e1s de 23.000 heridos.<\/p>\n<p style=\"text-align: justify;\">Seg\u00fan inform\u00f3 la agencia palestina de noticias Wafa, la huelga paraliz\u00f3 las universidades, f\u00e1bricas, laboratorios, bancos, comercios y medios de transporte, as\u00ed como fueron convocadas manifestaciones en todo el territorio en rechazo a los cr\u00edmenes israel\u00edes y la continuaci\u00f3n de la lucha en defensa de los derechos, el m\u00e1s importante de los cuales es el derecho del pueblo palestino a la libertad y el establecimiento de un Estado independiente con Jerusal\u00e9n como su capital.<\/p>\n<p style=\"text-align: justify;\">as\/fm<\/p>\n","protected":false},"excerpt":{"rendered":"<p>Jerusal\u00e9n ocupada, 01 nov (SANA) Los palestinos en Cisjordania anunciaron hoy una huelga general para denunciar la agresi\u00f3n israel\u00ed que contin\u00faa por vig\u00e9simo sexto d\u00eda contra la sitiada Franja de Gaza y Cisjordania, provocando 8.600 muertos y m\u00e1s de 23.000 heridos. Seg\u00fan inform\u00f3 la agencia palestina de noticias Wafa, la huelga paraliz\u00f3 las universidades, f\u00e1bricas, &hellip;<\/p>\n","protected":false},"author":42,"featured_media":313084,"comment_status":"closed","ping_status":"closed","sticky":false,"template":"","format":"standard","meta":{"footnotes":""},"categories":[597,456,16687,20724,7541],"tags":[],"class_list":["post-313083","post","type-post","status-publish","format-standard","has-post-thumbnail","","category-cinta-de-noticias","category-arabe-internacional-politica","category-internacionales","category-minuto-a-minuto","category-ultimas-noticias"],"_links":{"self":[{"href":"https:\/\/archive.sana.sy\/es\/index.php?rest_route=\/wp\/v2\/posts\/313083"}],"collection":[{"href":"https:\/\/archive.sana.sy\/es\/index.php?rest_route=\/wp\/v2\/posts"}],"about":[{"href":"https:\/\/archive.sana.sy\/es\/index.php?rest_route=\/wp\/v2\/types\/post"}],"author":[{"embeddable":true,"href":"https:\/\/archive.sana.sy\/es\/index.php?rest_route=\/wp\/v2\/users\/42"}],"replies":[{"embeddable":true,"href":"https:\/\/archive.sana.sy\/es\/index.php?rest_route=%2Fwp%2Fv2%2Fcomments&post=313083"}],"version-history":[{"count":1,"href":"https:\/\/archive.sana.sy\/es\/index.php?rest_route=\/wp\/v2\/posts\/313083\/revisions"}],"predecessor-version":[{"id":313085,"href":"https:\/\/archive.sana.sy\/es\/index.php?rest_route=\/wp\/v2\/posts\/313083\/revisions\/313085"}],"wp:featuredmedia":[{"embeddable":true,"href":"https:\/\/archive.sana.sy\/es\/index.php?rest_route=\/wp\/v2\/media\/313084"}],"wp:attachment":[{"href":"https:\/\/archive.sana.sy\/es\/index.php?rest_route=%2Fwp%2Fv2%2Fmedia&parent=313083"}],"wp:term":[{"taxonomy":"category","embeddable":true,"href":"https:\/\/archive.sana.sy\/es\/index.php?rest_route=%2Fwp%2Fv2%2Fcategories&post=313083"},{"taxonomy":"post_tag","embeddable":true,"href":"https:\/\/archive.sana.sy\/es\/index.php?rest_route=%2Fwp%2Fv2%2Ftags&post=313083"}],"curies":[{"name":"wp","href":"https:\/\/api.w.org\/{rel}","templated":true}]}}