{"id":313087,"date":"2023-11-01T12:12:06","date_gmt":"2023-11-01T09:12:06","guid":{"rendered":"https:\/\/sana.sy\/es\/?p=313087"},"modified":"2023-11-01T12:12:06","modified_gmt":"2023-11-01T09:12:06","slug":"otra-vez-la-franja-de-gaza-esta-sin-telefonia-e-internet","status":"publish","type":"post","link":"https:\/\/archive.sana.sy\/es\/?p=313087","title":{"rendered":"Otra vez, la Franja de Gaza est\u00e1 sin telefon\u00eda e Internet"},"content":{"rendered":"<p style=\"text-align: justify;\"><span style=\"color: #993300;\">&#8220;Israel&#8221; utiliza los apagones de Internet como una \u201ct\u00e1ctica de guerra para inducir m\u00e1s dolor en la poblaci\u00f3n\u201d<\/span><\/p>\n<p style=\"text-align: justify;\"><span style=\"color: #800000;\"><strong>Jerusalen ocupada, 1 nov (SANA)<\/strong> <\/span>La Compa\u00f1\u00eda de Telecomunicaciones de Palestina denunci\u00f3 un nuevo corte de la telefon\u00eda y de Internet en la Franja de Gaza, que est\u00e1 sometida a intensos bombardeos israel\u00edes desde hace 26 d\u00edas.<\/p>\n<p style=\"text-align: justify;\">En un comunicado citapo por la agencia Prensa Latina, la entidad report\u00f3 \u201cuna interrupci\u00f3n completa de todas las comunicaciones y servicios de Internet\u201d en el enclave costero, como sucedi\u00f3 el viernes \u00faltimo tras el inicio de la invasi\u00f3n terrestre del Ej\u00e9rcito de la vecina naci\u00f3n.<\/p>\n<p style=\"text-align: justify;\">&#8220;Israel&#8221; aprovech\u00f3 ese cierre para \u201ccubrir posibles cr\u00edmenes de guerra cuando comenzaron su invasi\u00f3n terrestre\u201d, estim\u00f3 Marwa Fatafta, miembro de Access Now, una organizaci\u00f3n global de derechos humanos.<\/p>\n<p style=\"text-align: justify;\">&#8220;Tel Aviv&#8221; utiliza los apagones de Internet como una \u201ct\u00e1ctica de guerra para inducir m\u00e1s dolor en la poblaci\u00f3n\u201d, afirm\u00f3.<br \/>\nEste apag\u00f3n es muy tr\u00e1gico para la gente aqu\u00ed y un indicio de que algo grave est\u00e1 pasando.<\/p>\n<p style=\"text-align: justify;\">fm\/as<\/p>\n","protected":false},"excerpt":{"rendered":"<p>&#8220;Israel&#8221; utiliza los apagones de Internet como una \u201ct\u00e1ctica de guerra para inducir m\u00e1s dolor en la poblaci\u00f3n\u201d Jerusalen ocupada, 1 nov (SANA) La Compa\u00f1\u00eda de Telecomunicaciones de Palestina denunci\u00f3 un nuevo corte de la telefon\u00eda y de Internet en la Franja de Gaza, que est\u00e1 sometida a intensos bombardeos israel\u00edes desde hace 26 d\u00edas. &hellip;<\/p>\n","protected":false},"author":42,"featured_media":313088,"comment_status":"closed","ping_status":"closed","sticky":false,"template":"","format":"standard","meta":{"footnotes":""},"categories":[597,456,16687,20724,7541],"tags":[],"class_list":["post-313087","post","type-post","status-publish","format-standard","has-post-thumbnail","","category-cinta-de-noticias","category-arabe-internacional-politica","category-internacionales","category-minuto-a-minuto","category-ultimas-noticias"],"_links":{"self":[{"href":"https:\/\/archive.sana.sy\/es\/index.php?rest_route=\/wp\/v2\/posts\/313087"}],"collection":[{"href":"https:\/\/archive.sana.sy\/es\/index.php?rest_route=\/wp\/v2\/posts"}],"about":[{"href":"https:\/\/archive.sana.sy\/es\/index.php?rest_route=\/wp\/v2\/types\/post"}],"author":[{"embeddable":true,"href":"https:\/\/archive.sana.sy\/es\/index.php?rest_route=\/wp\/v2\/users\/42"}],"replies":[{"embeddable":true,"href":"https:\/\/archive.sana.sy\/es\/index.php?rest_route=%2Fwp%2Fv2%2Fcomments&post=313087"}],"version-history":[{"count":1,"href":"https:\/\/archive.sana.sy\/es\/index.php?rest_route=\/wp\/v2\/posts\/313087\/revisions"}],"predecessor-version":[{"id":313089,"href":"https:\/\/archive.sana.sy\/es\/index.php?rest_route=\/wp\/v2\/posts\/313087\/revisions\/313089"}],"wp:featuredmedia":[{"embeddable":true,"href":"https:\/\/archive.sana.sy\/es\/index.php?rest_route=\/wp\/v2\/media\/313088"}],"wp:attachment":[{"href":"https:\/\/archive.sana.sy\/es\/index.php?rest_route=%2Fwp%2Fv2%2Fmedia&parent=313087"}],"wp:term":[{"taxonomy":"category","embeddable":true,"href":"https:\/\/archive.sana.sy\/es\/index.php?rest_route=%2Fwp%2Fv2%2Fcategories&post=313087"},{"taxonomy":"post_tag","embeddable":true,"href":"https:\/\/archive.sana.sy\/es\/index.php?rest_route=%2Fwp%2Fv2%2Ftags&post=313087"}],"curies":[{"name":"wp","href":"https:\/\/api.w.org\/{rel}","templated":true}]}}