{"id":313092,"date":"2023-11-01T12:25:24","date_gmt":"2023-11-01T09:25:24","guid":{"rendered":"https:\/\/sana.sy\/es\/?p=313092"},"modified":"2023-11-01T12:25:24","modified_gmt":"2023-11-01T09:25:24","slug":"israel-reconoce-muerte-de-nueve-soldados-en-combate-en-gaza","status":"publish","type":"post","link":"https:\/\/archive.sana.sy\/es\/?p=313092","title":{"rendered":"&#8220;Israel&#8221; reconoce muerte de nueve soldados en combate en Gaza"},"content":{"rendered":"<p style=\"text-align: justify;\"><span style=\"color: #800000;\"><strong>Jerusal\u00e9n ocupada, 1 nov (SANA)<\/strong> <\/span>El ej\u00e9rcito de ocupaci\u00f3n israel\u00ed admiti\u00f3 la muerte de nueve soldados durante combates con la resistencia palestina durante las \u00faltimas 24 horas.<\/p>\n<p style=\"text-align: justify;\">Precis\u00f3 que siete de los muertos eran miembros del batall\u00f3n Tzabar, de la Brigada de Infanter\u00eda Givati, y los otros dos de la 7\u00aa Brigada Blindada.<\/p>\n<p style=\"text-align: justify;\">Seg\u00fan reportes de medios de prensa, los militares perdieron la vida al ser alcanzado su veh\u00edculo blindado por un misil antitanque disparado por resistentes palestinos, quienes prometieron defender su territorio de la invasi\u00f3n, y al estallar un artefacto improvisado al paso de un tanque.<\/p>\n<p style=\"text-align: justify;\">fm\/as<\/p>\n","protected":false},"excerpt":{"rendered":"<p>Jerusal\u00e9n ocupada, 1 nov (SANA) El ej\u00e9rcito de ocupaci\u00f3n israel\u00ed admiti\u00f3 la muerte de nueve soldados durante combates con la resistencia palestina durante las \u00faltimas 24 horas. Precis\u00f3 que siete de los muertos eran miembros del batall\u00f3n Tzabar, de la Brigada de Infanter\u00eda Givati, y los otros dos de la 7\u00aa Brigada Blindada. Seg\u00fan reportes &hellip;<\/p>\n","protected":false},"author":42,"featured_media":313093,"comment_status":"closed","ping_status":"closed","sticky":false,"template":"","format":"standard","meta":{"footnotes":""},"categories":[597,456,16687,20724,7541],"tags":[],"class_list":["post-313092","post","type-post","status-publish","format-standard","has-post-thumbnail","","category-cinta-de-noticias","category-arabe-internacional-politica","category-internacionales","category-minuto-a-minuto","category-ultimas-noticias"],"_links":{"self":[{"href":"https:\/\/archive.sana.sy\/es\/index.php?rest_route=\/wp\/v2\/posts\/313092"}],"collection":[{"href":"https:\/\/archive.sana.sy\/es\/index.php?rest_route=\/wp\/v2\/posts"}],"about":[{"href":"https:\/\/archive.sana.sy\/es\/index.php?rest_route=\/wp\/v2\/types\/post"}],"author":[{"embeddable":true,"href":"https:\/\/archive.sana.sy\/es\/index.php?rest_route=\/wp\/v2\/users\/42"}],"replies":[{"embeddable":true,"href":"https:\/\/archive.sana.sy\/es\/index.php?rest_route=%2Fwp%2Fv2%2Fcomments&post=313092"}],"version-history":[{"count":1,"href":"https:\/\/archive.sana.sy\/es\/index.php?rest_route=\/wp\/v2\/posts\/313092\/revisions"}],"predecessor-version":[{"id":313094,"href":"https:\/\/archive.sana.sy\/es\/index.php?rest_route=\/wp\/v2\/posts\/313092\/revisions\/313094"}],"wp:featuredmedia":[{"embeddable":true,"href":"https:\/\/archive.sana.sy\/es\/index.php?rest_route=\/wp\/v2\/media\/313093"}],"wp:attachment":[{"href":"https:\/\/archive.sana.sy\/es\/index.php?rest_route=%2Fwp%2Fv2%2Fmedia&parent=313092"}],"wp:term":[{"taxonomy":"category","embeddable":true,"href":"https:\/\/archive.sana.sy\/es\/index.php?rest_route=%2Fwp%2Fv2%2Fcategories&post=313092"},{"taxonomy":"post_tag","embeddable":true,"href":"https:\/\/archive.sana.sy\/es\/index.php?rest_route=%2Fwp%2Fv2%2Ftags&post=313092"}],"curies":[{"name":"wp","href":"https:\/\/api.w.org\/{rel}","templated":true}]}}