{"id":313095,"date":"2023-11-01T13:09:41","date_gmt":"2023-11-01T10:09:41","guid":{"rendered":"https:\/\/sana.sy\/es\/?p=313095"},"modified":"2023-11-01T13:09:41","modified_gmt":"2023-11-01T10:09:41","slug":"siria-logra-segundo-puesto-en-desafio-de-lectura-arabe-2023","status":"publish","type":"post","link":"https:\/\/archive.sana.sy\/es\/?p=313095","title":{"rendered":"Siria logra segundo puesto en Desaf\u00edo de Lectura \u00c1rabe 2023"},"content":{"rendered":"<blockquote>\n<p style=\"text-align: justify;\"><span style=\"color: #800000;\">Durante una celebraci\u00f3n en la \u00d3pera de Dub\u00e1i, se anunciaron los resultados de esta competencia donde Siria estuvo representada por dos estudiantes, Nima Rajoub, campeona siria del Desaf\u00edo de Lectura \u00c1rabe, y Haifa Adwani, campeona siria del desaf\u00edo en la categor\u00eda de personas con discapacidad.<\/span><\/p>\n<\/blockquote>\n<p style=\"text-align: justify;\">\n<span style=\"color: #800000;\"><strong>Dub\u00e1i, 01 nov (SANA)<\/strong><\/span>\u00a0 Siria logr\u00f3 el segundo lugar en la Iniciativa Desaf\u00edo de Lectura \u00c1rabe en su s\u00e9ptima temporada celebrada en Los Emiratos \u00c1rabes Unidos.<br \/>\n<img loading=\"lazy\" decoding=\"async\" class=\"size-medium wp-image-313097 alignright\" src=\"http:\/\/sana.sy\/es\/wp-content\/uploads\/2023\/11\/DSC_8218-300x259.jpg\" alt=\"\" width=\"300\" height=\"259\" srcset=\"https:\/\/archive.sana.sy\/es\/wp-content\/uploads\/2023\/11\/DSC_8218-300x259.jpg 300w, https:\/\/archive.sana.sy\/es\/wp-content\/uploads\/2023\/11\/DSC_8218-150x129.jpg 150w, https:\/\/archive.sana.sy\/es\/wp-content\/uploads\/2023\/11\/DSC_8218.jpg 660w\" sizes=\"(max-width: 300px) 100vw, 300px\" \/><br \/>\nDurante una celebraci\u00f3n en la \u00d3pera de Dub\u00e1i, se anunciaron los resultados de esta competencia donde Siria estuvo representada por dos estudiantes, Nima Rajoub, campeona siria del Desaf\u00edo de Lectura \u00c1rabe, y Haifa Adwani, campeona siria del desaf\u00edo en la categor\u00eda de personas con discapacidad.<\/p>\n<p>La estudiante Nima Rajoub expres\u00f3 su alegr\u00eda por este logro y llam\u00f3 a los estudiantes sirios a continuar el desaf\u00edo ya que es una experiencia distinguida.<\/p>\n<p>Dedico mi victoria a mi amado pa\u00eds, Siria, que merece todo nuestro amor y \u00e9xito, afirm\u00f3.<\/p>\n<p>El concurso Desaf\u00edo de Lectura \u00c1rabe, comenz\u00f3 hace 7 a\u00f1os, requiede de cada concursante la lectura de 50 libros como condici\u00f3n preliminar para participar. 24 millones 800 mil estudiantes \u00e1rabes de 188 mil escuelas de varios pa\u00edses \u00e1rabes y sus comunidades en todo el mundo y 155 mil supervisores participaron en las competencias de este a\u00f1o.<\/p>\n<div id='gallery-1' class='gallery galleryid-313095 gallery-columns-1 gallery-size-full'><figure class='gallery-item'>\n\t\t\t<div class='gallery-icon landscape'>\n\t\t\t\t<a href='https:\/\/archive.sana.sy\/es\/wp-content\/uploads\/2023\/11\/DSC_8103.jpg'><img loading=\"lazy\" decoding=\"async\" width=\"660\" height=\"430\" src=\"https:\/\/archive.sana.sy\/es\/wp-content\/uploads\/2023\/11\/DSC_8103.jpg\" class=\"attachment-full size-full\" alt=\"\" srcset=\"https:\/\/archive.sana.sy\/es\/wp-content\/uploads\/2023\/11\/DSC_8103.jpg 660w, https:\/\/archive.sana.sy\/es\/wp-content\/uploads\/2023\/11\/DSC_8103-300x195.jpg 300w, https:\/\/archive.sana.sy\/es\/wp-content\/uploads\/2023\/11\/DSC_8103-150x98.jpg 150w\" sizes=\"(max-width: 660px) 100vw, 660px\" \/><\/a>\n\t\t\t<\/div><\/figure><figure class='gallery-item'>\n\t\t\t<div class='gallery-icon landscape'>\n\t\t\t\t<a href='https:\/\/archive.sana.sy\/es\/wp-content\/uploads\/2023\/11\/DSC_8105.jpg'><img loading=\"lazy\" decoding=\"async\" width=\"660\" height=\"361\" src=\"https:\/\/archive.sana.sy\/es\/wp-content\/uploads\/2023\/11\/DSC_8105.jpg\" class=\"attachment-full size-full\" alt=\"\" srcset=\"https:\/\/archive.sana.sy\/es\/wp-content\/uploads\/2023\/11\/DSC_8105.jpg 660w, https:\/\/archive.sana.sy\/es\/wp-content\/uploads\/2023\/11\/DSC_8105-300x164.jpg 300w, https:\/\/archive.sana.sy\/es\/wp-content\/uploads\/2023\/11\/DSC_8105-150x82.jpg 150w\" sizes=\"(max-width: 660px) 100vw, 660px\" \/><\/a>\n\t\t\t<\/div><\/figure><figure class='gallery-item'>\n\t\t\t<div class='gallery-icon landscape'>\n\t\t\t\t<a href='https:\/\/archive.sana.sy\/es\/wp-content\/uploads\/2023\/11\/DSC_8137.jpg'><img loading=\"lazy\" decoding=\"async\" width=\"660\" height=\"394\" src=\"https:\/\/archive.sana.sy\/es\/wp-content\/uploads\/2023\/11\/DSC_8137.jpg\" class=\"attachment-full size-full\" alt=\"\" srcset=\"https:\/\/archive.sana.sy\/es\/wp-content\/uploads\/2023\/11\/DSC_8137.jpg 660w, https:\/\/archive.sana.sy\/es\/wp-content\/uploads\/2023\/11\/DSC_8137-300x179.jpg 300w, https:\/\/archive.sana.sy\/es\/wp-content\/uploads\/2023\/11\/DSC_8137-150x90.jpg 150w\" sizes=\"(max-width: 660px) 100vw, 660px\" \/><\/a>\n\t\t\t<\/div><\/figure><figure class='gallery-item'>\n\t\t\t<div class='gallery-icon landscape'>\n\t\t\t\t<a href='https:\/\/archive.sana.sy\/es\/wp-content\/uploads\/2023\/11\/DSC_8142.jpg'><img loading=\"lazy\" decoding=\"async\" width=\"660\" height=\"509\" src=\"https:\/\/archive.sana.sy\/es\/wp-content\/uploads\/2023\/11\/DSC_8142.jpg\" class=\"attachment-full size-full\" alt=\"\" srcset=\"https:\/\/archive.sana.sy\/es\/wp-content\/uploads\/2023\/11\/DSC_8142.jpg 660w, https:\/\/archive.sana.sy\/es\/wp-content\/uploads\/2023\/11\/DSC_8142-300x231.jpg 300w, https:\/\/archive.sana.sy\/es\/wp-content\/uploads\/2023\/11\/DSC_8142-150x116.jpg 150w\" sizes=\"(max-width: 660px) 100vw, 660px\" \/><\/a>\n\t\t\t<\/div><\/figure><figure class='gallery-item'>\n\t\t\t<div class='gallery-icon landscape'>\n\t\t\t\t<a href='https:\/\/archive.sana.sy\/es\/wp-content\/uploads\/2023\/11\/DSC_8162.jpg'><img loading=\"lazy\" decoding=\"async\" width=\"660\" height=\"407\" src=\"https:\/\/archive.sana.sy\/es\/wp-content\/uploads\/2023\/11\/DSC_8162.jpg\" class=\"attachment-full size-full\" alt=\"\" srcset=\"https:\/\/archive.sana.sy\/es\/wp-content\/uploads\/2023\/11\/DSC_8162.jpg 660w, https:\/\/archive.sana.sy\/es\/wp-content\/uploads\/2023\/11\/DSC_8162-300x185.jpg 300w, https:\/\/archive.sana.sy\/es\/wp-content\/uploads\/2023\/11\/DSC_8162-150x93.jpg 150w\" sizes=\"(max-width: 660px) 100vw, 660px\" \/><\/a>\n\t\t\t<\/div><\/figure><figure class='gallery-item'>\n\t\t\t<div class='gallery-icon landscape'>\n\t\t\t\t<a href='https:\/\/archive.sana.sy\/es\/wp-content\/uploads\/2023\/11\/DSC_8214-1.jpg'><img loading=\"lazy\" decoding=\"async\" width=\"660\" height=\"475\" src=\"https:\/\/archive.sana.sy\/es\/wp-content\/uploads\/2023\/11\/DSC_8214-1.jpg\" class=\"attachment-full size-full\" alt=\"\" srcset=\"https:\/\/archive.sana.sy\/es\/wp-content\/uploads\/2023\/11\/DSC_8214-1.jpg 660w, https:\/\/archive.sana.sy\/es\/wp-content\/uploads\/2023\/11\/DSC_8214-1-300x216.jpg 300w, https:\/\/archive.sana.sy\/es\/wp-content\/uploads\/2023\/11\/DSC_8214-1-150x108.jpg 150w\" sizes=\"(max-width: 660px) 100vw, 660px\" \/><\/a>\n\t\t\t<\/div><\/figure><figure class='gallery-item'>\n\t\t\t<div class='gallery-icon landscape'>\n\t\t\t\t<a href='https:\/\/archive.sana.sy\/es\/wp-content\/uploads\/2023\/11\/DSC_8346.jpg'><img loading=\"lazy\" decoding=\"async\" width=\"660\" height=\"474\" src=\"https:\/\/archive.sana.sy\/es\/wp-content\/uploads\/2023\/11\/DSC_8346.jpg\" class=\"attachment-full size-full\" alt=\"\" srcset=\"https:\/\/archive.sana.sy\/es\/wp-content\/uploads\/2023\/11\/DSC_8346.jpg 660w, https:\/\/archive.sana.sy\/es\/wp-content\/uploads\/2023\/11\/DSC_8346-300x215.jpg 300w, https:\/\/archive.sana.sy\/es\/wp-content\/uploads\/2023\/11\/DSC_8346-150x108.jpg 150w\" sizes=\"(max-width: 660px) 100vw, 660px\" \/><\/a>\n\t\t\t<\/div><\/figure>\n\t\t<\/div>\n\n<p style=\"text-align: justify;\">\n<strong>ws\/fm<\/strong><\/p>\n","protected":false},"excerpt":{"rendered":"<p>Durante una celebraci\u00f3n en la \u00d3pera de Dub\u00e1i, se anunciaron los resultados de esta competencia donde Siria estuvo representada por dos estudiantes, Nima Rajoub, campeona siria del Desaf\u00edo de Lectura \u00c1rabe, y Haifa Adwani, campeona siria del desaf\u00edo en la categor\u00eda de personas con discapacidad. Dub\u00e1i, 01 nov (SANA)\u00a0 Siria logr\u00f3 el segundo lugar en &hellip;<\/p>\n","protected":false},"author":35,"featured_media":313096,"comment_status":"closed","ping_status":"closed","sticky":false,"template":"","format":"standard","meta":{"footnotes":""},"categories":[597,510,20724,467,7541],"tags":[],"class_list":["post-313095","post","type-post","status-publish","format-standard","has-post-thumbnail","","category-cinta-de-noticias","category-arte-y-cultura","category-minuto-a-minuto","category-siria-y-el-mundo","category-ultimas-noticias"],"_links":{"self":[{"href":"https:\/\/archive.sana.sy\/es\/index.php?rest_route=\/wp\/v2\/posts\/313095"}],"collection":[{"href":"https:\/\/archive.sana.sy\/es\/index.php?rest_route=\/wp\/v2\/posts"}],"about":[{"href":"https:\/\/archive.sana.sy\/es\/index.php?rest_route=\/wp\/v2\/types\/post"}],"author":[{"embeddable":true,"href":"https:\/\/archive.sana.sy\/es\/index.php?rest_route=\/wp\/v2\/users\/35"}],"replies":[{"embeddable":true,"href":"https:\/\/archive.sana.sy\/es\/index.php?rest_route=%2Fwp%2Fv2%2Fcomments&post=313095"}],"version-history":[{"count":1,"href":"https:\/\/archive.sana.sy\/es\/index.php?rest_route=\/wp\/v2\/posts\/313095\/revisions"}],"predecessor-version":[{"id":313105,"href":"https:\/\/archive.sana.sy\/es\/index.php?rest_route=\/wp\/v2\/posts\/313095\/revisions\/313105"}],"wp:featuredmedia":[{"embeddable":true,"href":"https:\/\/archive.sana.sy\/es\/index.php?rest_route=\/wp\/v2\/media\/313096"}],"wp:attachment":[{"href":"https:\/\/archive.sana.sy\/es\/index.php?rest_route=%2Fwp%2Fv2%2Fmedia&parent=313095"}],"wp:term":[{"taxonomy":"category","embeddable":true,"href":"https:\/\/archive.sana.sy\/es\/index.php?rest_route=%2Fwp%2Fv2%2Fcategories&post=313095"},{"taxonomy":"post_tag","embeddable":true,"href":"https:\/\/archive.sana.sy\/es\/index.php?rest_route=%2Fwp%2Fv2%2Ftags&post=313095"}],"curies":[{"name":"wp","href":"https:\/\/api.w.org\/{rel}","templated":true}]}}