{"id":313122,"date":"2023-11-01T15:01:30","date_gmt":"2023-11-01T12:01:30","guid":{"rendered":"https:\/\/sana.sy\/es\/?p=313122"},"modified":"2023-11-01T15:01:30","modified_gmt":"2023-11-01T12:01:30","slug":"la-resistencia-palestina-valora-a-chile-y-colombia-por-retirar-a-sus-embajadores-en-israel","status":"publish","type":"post","link":"https:\/\/archive.sana.sy\/es\/?p=313122","title":{"rendered":"La resistencia palestina valora a Chile y Colombia por retirar a sus embajadores en \u201cIsrael\u201d"},"content":{"rendered":"<blockquote>\n<p style=\"text-align: justify;\"><span style=\"color: #993300;\">\u201cLa historia inmortalizar\u00e1 estas posiciones honorables que rechazan la injusticia y la agresi\u00f3n, y apoyan los derechos del pueblo palestinos a la libertad y la autodeterminaci\u00f3n\u201d, afirm\u00f3 la Resistencia en una declaraci\u00f3n<\/span><\/p>\n<\/blockquote>\n<p style=\"text-align: justify;\"><span style=\"color: #800000;\"><strong>Jerusal\u00e9n ocupada, 1 nov (SANA)<\/strong> <\/span>La Resistencia Palestina agradeci\u00f3 hoy el anuncio de Chile y Colombia de retirar a sus embajadores ante el gobierno israel\u00ed, en protesta por su agresi\u00f3n y masacres en Franja de Gaza.<\/p>\n<p style=\"text-align: justify;\">\u201cLa historia inmortalizar\u00e1 estas posiciones honorables que rechazan la injusticia y la agresi\u00f3n, y apoyan los derechos del pueblo palestinos a la libertad y la autodeterminaci\u00f3n\u201d, afirm\u00f3 la Resistencia en una declaraci\u00f3n.<\/p>\n<p style=\"text-align: justify;\">Reiter\u00f3 su llamado a todos los pa\u00edses del mundo, especialmente los pa\u00edses \u00e1rabes e isl\u00e1micos que tienen relaciones con \u201cIsrael\u201d, para que retiren a sus embajadores y rompan sus relaciones con esta entidad fascista que asesina a ni\u00f1os y mujeres.<\/p>\n<p style=\"text-align: justify;\">fm\/as<\/p>\n<p style=\"text-align: justify;\">\n","protected":false},"excerpt":{"rendered":"<p>\u201cLa historia inmortalizar\u00e1 estas posiciones honorables que rechazan la injusticia y la agresi\u00f3n, y apoyan los derechos del pueblo palestinos a la libertad y la autodeterminaci\u00f3n\u201d, afirm\u00f3 la Resistencia en una declaraci\u00f3n Jerusal\u00e9n ocupada, 1 nov (SANA) La Resistencia Palestina agradeci\u00f3 hoy el anuncio de Chile y Colombia de retirar a sus embajadores ante el &hellip;<\/p>\n","protected":false},"author":42,"featured_media":313123,"comment_status":"closed","ping_status":"closed","sticky":false,"template":"","format":"standard","meta":{"footnotes":""},"categories":[597,456,16687,20724,7541],"tags":[],"class_list":["post-313122","post","type-post","status-publish","format-standard","has-post-thumbnail","","category-cinta-de-noticias","category-arabe-internacional-politica","category-internacionales","category-minuto-a-minuto","category-ultimas-noticias"],"_links":{"self":[{"href":"https:\/\/archive.sana.sy\/es\/index.php?rest_route=\/wp\/v2\/posts\/313122"}],"collection":[{"href":"https:\/\/archive.sana.sy\/es\/index.php?rest_route=\/wp\/v2\/posts"}],"about":[{"href":"https:\/\/archive.sana.sy\/es\/index.php?rest_route=\/wp\/v2\/types\/post"}],"author":[{"embeddable":true,"href":"https:\/\/archive.sana.sy\/es\/index.php?rest_route=\/wp\/v2\/users\/42"}],"replies":[{"embeddable":true,"href":"https:\/\/archive.sana.sy\/es\/index.php?rest_route=%2Fwp%2Fv2%2Fcomments&post=313122"}],"version-history":[{"count":1,"href":"https:\/\/archive.sana.sy\/es\/index.php?rest_route=\/wp\/v2\/posts\/313122\/revisions"}],"predecessor-version":[{"id":313124,"href":"https:\/\/archive.sana.sy\/es\/index.php?rest_route=\/wp\/v2\/posts\/313122\/revisions\/313124"}],"wp:featuredmedia":[{"embeddable":true,"href":"https:\/\/archive.sana.sy\/es\/index.php?rest_route=\/wp\/v2\/media\/313123"}],"wp:attachment":[{"href":"https:\/\/archive.sana.sy\/es\/index.php?rest_route=%2Fwp%2Fv2%2Fmedia&parent=313122"}],"wp:term":[{"taxonomy":"category","embeddable":true,"href":"https:\/\/archive.sana.sy\/es\/index.php?rest_route=%2Fwp%2Fv2%2Fcategories&post=313122"},{"taxonomy":"post_tag","embeddable":true,"href":"https:\/\/archive.sana.sy\/es\/index.php?rest_route=%2Fwp%2Fv2%2Ftags&post=313122"}],"curies":[{"name":"wp","href":"https:\/\/api.w.org\/{rel}","templated":true}]}}