{"id":313191,"date":"2023-11-02T11:36:24","date_gmt":"2023-11-02T08:36:24","guid":{"rendered":"https:\/\/sana.sy\/es\/?p=313191"},"modified":"2023-11-02T20:14:01","modified_gmt":"2023-11-02T17:14:01","slug":"ejercito-sirio-incauta-armas-israelies-y-estadounidenses-en-el-sur-del-pais-fotos","status":"publish","type":"post","link":"https:\/\/archive.sana.sy\/es\/?p=313191","title":{"rendered":"Ej\u00e9rcito sirio incauta armas israel\u00edes y estadounidenses en el sur del pa\u00eds (+ fotos)"},"content":{"rendered":"<p style=\"text-align: justify;\"><span style=\"color: #800000;\"><strong>Damasco, 2 nov (SANA)\u00a0<\/strong><\/span> Las fuerzas sirias de seguridad incautan grandes cantidades de armas, algunas hechas en &#8220;Israel&#8221; y Estados Unidos, en localidades ubicadas entre las provincias de Quneitra y Deraa, en el suroeste del pa\u00eds.<\/p>\n<p style=\"text-align: justify;\">Las armas, incautadas gracias a la colaboraci\u00f3n de los pobladores, son remanentes de los grupos terroristas que operaban en la zona antes de su liberaci\u00f3n a manos del ej\u00e9rcito.<\/p>\n<p>Un oficial de seguridad inform\u00f3 a nuestra agencia que las armas fueron encontradas en almacenes subterr\u00e1neos en las granjas que rodean la ciudad de Jasem en la provincia de Deraa , cerca de las fronteras administrativas con la provincia de Quneitra.<\/p>\n<p style=\"text-align: justify;\">Entre las armas incautadas figuran cientos de fusiles autom\u00e1ticos, pistolas equipadas con silenciadores, lanzadores de RPG, ametralladoras PKC, fusiles para francotiradores, proyectiles antitanque y antiblindajes, mortero, misiles guiados LAW y Drakon, ametralladoras 12.7mm y granadas de mano.<\/p>\n<p style=\"text-align: justify;\">El militar revel\u00f3 que una de las c\u00e9lulas de la organizaci\u00f3n terrorista Daesh fue arrestada en la zona antes mencionada.<\/p>\n<p style=\"text-align: justify;\"><strong><em>fm\/ah<\/em><\/strong><\/p>\n<div id='gallery-1' class='gallery galleryid-313191 gallery-columns-1 gallery-size-full'><figure class='gallery-item'>\n\t\t\t<div class='gallery-icon landscape'>\n\t\t\t\t<a href='https:\/\/archive.sana.sy\/es\/wp-content\/uploads\/2023\/11\/photo_2023-11-02_11-43-09.jpg'><img loading=\"lazy\" decoding=\"async\" width=\"1280\" height=\"827\" src=\"https:\/\/archive.sana.sy\/es\/wp-content\/uploads\/2023\/11\/photo_2023-11-02_11-43-09.jpg\" class=\"attachment-full size-full\" alt=\"\" srcset=\"https:\/\/archive.sana.sy\/es\/wp-content\/uploads\/2023\/11\/photo_2023-11-02_11-43-09.jpg 1280w, https:\/\/archive.sana.sy\/es\/wp-content\/uploads\/2023\/11\/photo_2023-11-02_11-43-09-300x194.jpg 300w, https:\/\/archive.sana.sy\/es\/wp-content\/uploads\/2023\/11\/photo_2023-11-02_11-43-09-1024x662.jpg 1024w, https:\/\/archive.sana.sy\/es\/wp-content\/uploads\/2023\/11\/photo_2023-11-02_11-43-09-150x97.jpg 150w, https:\/\/archive.sana.sy\/es\/wp-content\/uploads\/2023\/11\/photo_2023-11-02_11-43-09-768x496.jpg 768w\" sizes=\"(max-width: 1280px) 100vw, 1280px\" \/><\/a>\n\t\t\t<\/div><\/figure><figure class='gallery-item'>\n\t\t\t<div class='gallery-icon landscape'>\n\t\t\t\t<a href='https:\/\/archive.sana.sy\/es\/wp-content\/uploads\/2023\/11\/Ejercito-sirio-incauta-armas-israelies-y-estadounidenses-en-el-sur-del-pais-fotos-1.jpg'><img loading=\"lazy\" decoding=\"async\" width=\"660\" height=\"330\" src=\"https:\/\/archive.sana.sy\/es\/wp-content\/uploads\/2023\/11\/Ejercito-sirio-incauta-armas-israelies-y-estadounidenses-en-el-sur-del-pais-fotos-1.jpg\" class=\"attachment-full size-full\" alt=\"\" srcset=\"https:\/\/archive.sana.sy\/es\/wp-content\/uploads\/2023\/11\/Ejercito-sirio-incauta-armas-israelies-y-estadounidenses-en-el-sur-del-pais-fotos-1.jpg 660w, https:\/\/archive.sana.sy\/es\/wp-content\/uploads\/2023\/11\/Ejercito-sirio-incauta-armas-israelies-y-estadounidenses-en-el-sur-del-pais-fotos-1-300x150.jpg 300w, https:\/\/archive.sana.sy\/es\/wp-content\/uploads\/2023\/11\/Ejercito-sirio-incauta-armas-israelies-y-estadounidenses-en-el-sur-del-pais-fotos-1-150x75.jpg 150w\" sizes=\"(max-width: 660px) 100vw, 660px\" \/><\/a>\n\t\t\t<\/div><\/figure>\n\t\t<\/div>\n\n","protected":false},"excerpt":{"rendered":"<p>Damasco, 2 nov (SANA)\u00a0 Las fuerzas sirias de seguridad incautan grandes cantidades de armas, algunas hechas en &#8220;Israel&#8221; y Estados Unidos, en localidades ubicadas entre las provincias de Quneitra y Deraa, en el suroeste del pa\u00eds. Las armas, incautadas gracias a la colaboraci\u00f3n de los pobladores, son remanentes de los grupos terroristas que operaban en &hellip;<\/p>\n","protected":false},"author":32,"featured_media":313194,"comment_status":"closed","ping_status":"closed","sticky":false,"template":"","format":"standard","meta":{"footnotes":""},"categories":[477,447,597,20724,476,583],"tags":[],"class_list":["post-313191","post","type-post","status-publish","format-standard","has-post-thumbnail","","category-noticias-edulcorantes","category-local-politica","category-cinta-de-noticias","category-minuto-a-minuto","category-locales","category-slide"],"_links":{"self":[{"href":"https:\/\/archive.sana.sy\/es\/index.php?rest_route=\/wp\/v2\/posts\/313191"}],"collection":[{"href":"https:\/\/archive.sana.sy\/es\/index.php?rest_route=\/wp\/v2\/posts"}],"about":[{"href":"https:\/\/archive.sana.sy\/es\/index.php?rest_route=\/wp\/v2\/types\/post"}],"author":[{"embeddable":true,"href":"https:\/\/archive.sana.sy\/es\/index.php?rest_route=\/wp\/v2\/users\/32"}],"replies":[{"embeddable":true,"href":"https:\/\/archive.sana.sy\/es\/index.php?rest_route=%2Fwp%2Fv2%2Fcomments&post=313191"}],"version-history":[{"count":5,"href":"https:\/\/archive.sana.sy\/es\/index.php?rest_route=\/wp\/v2\/posts\/313191\/revisions"}],"predecessor-version":[{"id":313278,"href":"https:\/\/archive.sana.sy\/es\/index.php?rest_route=\/wp\/v2\/posts\/313191\/revisions\/313278"}],"wp:featuredmedia":[{"embeddable":true,"href":"https:\/\/archive.sana.sy\/es\/index.php?rest_route=\/wp\/v2\/media\/313194"}],"wp:attachment":[{"href":"https:\/\/archive.sana.sy\/es\/index.php?rest_route=%2Fwp%2Fv2%2Fmedia&parent=313191"}],"wp:term":[{"taxonomy":"category","embeddable":true,"href":"https:\/\/archive.sana.sy\/es\/index.php?rest_route=%2Fwp%2Fv2%2Fcategories&post=313191"},{"taxonomy":"post_tag","embeddable":true,"href":"https:\/\/archive.sana.sy\/es\/index.php?rest_route=%2Fwp%2Fv2%2Ftags&post=313191"}],"curies":[{"name":"wp","href":"https:\/\/api.w.org\/{rel}","templated":true}]}}