{"id":313215,"date":"2023-11-02T13:16:48","date_gmt":"2023-11-02T10:16:48","guid":{"rendered":"https:\/\/sana.sy\/es\/?p=313215"},"modified":"2023-11-02T13:16:48","modified_gmt":"2023-11-02T10:16:48","slug":"rusia-exige-levantamiento-del-bloqueo-de-eeuu-a-cuba","status":"publish","type":"post","link":"https:\/\/archive.sana.sy\/es\/?p=313215","title":{"rendered":"Rusia exige levantamiento del bloqueo de EEUU a Cuba"},"content":{"rendered":"<p style=\"text-align: justify;\"><span style=\"color: #800000;\"><strong>Nueva York, 2 nov (SANA)\u00a0<\/strong><\/span> \u00a0Rusia exigi\u00f3 el levantamiento inmediato e incondicional del bloqueo econ\u00f3mico, comercial y financiero de Estados Unidos a Cuba.<\/p>\n<p style=\"text-align: justify;\">&#8220;Esperamos que la Administraci\u00f3n y el Congreso de Estados Unidos finalmente escuchen el llamado global y comiencen a levantar el bloqueo a Cuba y eliminar su nombre de la lista estadounidense de estados que patrocinan el terrorismo, sin condiciones previas\u201d, dijo el representante permanente de Rusia ante las Naciones Unidas, Vasili Nebenzia, durante una sesi\u00f3n de la Asamblea General de las Naciones Unidas.<\/p>\n<p style=\"text-align: justify;\">Agreg\u00f3 que las acciones de Estados Unidos y sus aliados de imponer sanciones unilaterales e ileg\u00edtimas pasan por alto el Consejo de Seguridad de la ONU, tienen un car\u00e1cter neocolonial y se basan en intentos sistem\u00e1ticos de perseguir y reprimir a los pa\u00edses que no agraden a Washington en el mundo.<\/p>\n<p>ed\/fm<\/p>\n","protected":false},"excerpt":{"rendered":"<p>Nueva York, 2 nov (SANA)\u00a0 \u00a0Rusia exigi\u00f3 el levantamiento inmediato e incondicional del bloqueo econ\u00f3mico, comercial y financiero de Estados Unidos a Cuba. &#8220;Esperamos que la Administraci\u00f3n y el Congreso de Estados Unidos finalmente escuchen el llamado global y comiencen a levantar el bloqueo a Cuba y eliminar su nombre de la lista estadounidense de &hellip;<\/p>\n","protected":false},"author":32,"featured_media":313216,"comment_status":"closed","ping_status":"closed","sticky":false,"template":"","format":"standard","meta":{"footnotes":""},"categories":[597,456,20724,7541],"tags":[],"class_list":["post-313215","post","type-post","status-publish","format-standard","has-post-thumbnail","","category-cinta-de-noticias","category-arabe-internacional-politica","category-minuto-a-minuto","category-ultimas-noticias"],"_links":{"self":[{"href":"https:\/\/archive.sana.sy\/es\/index.php?rest_route=\/wp\/v2\/posts\/313215"}],"collection":[{"href":"https:\/\/archive.sana.sy\/es\/index.php?rest_route=\/wp\/v2\/posts"}],"about":[{"href":"https:\/\/archive.sana.sy\/es\/index.php?rest_route=\/wp\/v2\/types\/post"}],"author":[{"embeddable":true,"href":"https:\/\/archive.sana.sy\/es\/index.php?rest_route=\/wp\/v2\/users\/32"}],"replies":[{"embeddable":true,"href":"https:\/\/archive.sana.sy\/es\/index.php?rest_route=%2Fwp%2Fv2%2Fcomments&post=313215"}],"version-history":[{"count":1,"href":"https:\/\/archive.sana.sy\/es\/index.php?rest_route=\/wp\/v2\/posts\/313215\/revisions"}],"predecessor-version":[{"id":313217,"href":"https:\/\/archive.sana.sy\/es\/index.php?rest_route=\/wp\/v2\/posts\/313215\/revisions\/313217"}],"wp:featuredmedia":[{"embeddable":true,"href":"https:\/\/archive.sana.sy\/es\/index.php?rest_route=\/wp\/v2\/media\/313216"}],"wp:attachment":[{"href":"https:\/\/archive.sana.sy\/es\/index.php?rest_route=%2Fwp%2Fv2%2Fmedia&parent=313215"}],"wp:term":[{"taxonomy":"category","embeddable":true,"href":"https:\/\/archive.sana.sy\/es\/index.php?rest_route=%2Fwp%2Fv2%2Fcategories&post=313215"},{"taxonomy":"post_tag","embeddable":true,"href":"https:\/\/archive.sana.sy\/es\/index.php?rest_route=%2Fwp%2Fv2%2Ftags&post=313215"}],"curies":[{"name":"wp","href":"https:\/\/api.w.org\/{rel}","templated":true}]}}