{"id":313233,"date":"2023-11-02T14:23:09","date_gmt":"2023-11-02T11:23:09","guid":{"rendered":"https:\/\/sana.sy\/es\/?p=313233"},"modified":"2023-11-02T14:25:28","modified_gmt":"2023-11-02T11:25:28","slug":"cifra-de-palestinos-masacrados-por-israel-en-gaza-supera-los-9000","status":"publish","type":"post","link":"https:\/\/archive.sana.sy\/es\/?p=313233","title":{"rendered":"Cifra de palestinos masacrados por \u201cIsrael\u201d en Gaza supera los 9000"},"content":{"rendered":"<p style=\"text-align: justify;\"><span style=\"color: #800000;\"><strong>Jerusal\u00e9n ocupada, 2 nov (SANA)<\/strong> <\/span>El Ministerio de Salud palestino anunci\u00f3 hoy que las fuerzas de ocupaci\u00f3n israel\u00edes cometieron 15 masacres durante las \u00faltimas 24 horas, cobrando la vida de 256 palestinos.<\/p>\n<p style=\"text-align: justify;\"><a href=\"http:\/\/sana.sy\/es\/wp-content\/uploads\/2023\/11\/photo_2023-11-02_14-21-56-2.jpg\"><img loading=\"lazy\" decoding=\"async\" class=\"alignleft wp-image-313239 \" src=\"http:\/\/sana.sy\/es\/wp-content\/uploads\/2023\/11\/photo_2023-11-02_14-21-56-2-300x200.jpg\" alt=\"\" width=\"330\" height=\"220\" srcset=\"https:\/\/archive.sana.sy\/es\/wp-content\/uploads\/2023\/11\/photo_2023-11-02_14-21-56-2-300x200.jpg 300w, https:\/\/archive.sana.sy\/es\/wp-content\/uploads\/2023\/11\/photo_2023-11-02_14-21-56-2-150x100.jpg 150w, https:\/\/archive.sana.sy\/es\/wp-content\/uploads\/2023\/11\/photo_2023-11-02_14-21-56-2-768x512.jpg 768w, https:\/\/archive.sana.sy\/es\/wp-content\/uploads\/2023\/11\/photo_2023-11-02_14-21-56-2.jpg 915w\" sizes=\"(max-width: 330px) 100vw, 330px\" \/><\/a>La cifra de palestinos muertos por los bombardeos contra la Franja de Gaza desde el 7 de octubre pasado, ascendi\u00f3 a 9.061 mientras los heridos ascendieron a m\u00e1s de 20 mil.<\/p>\n<p style=\"text-align: justify;\">Aclar\u00f3 que entre las v\u00edctimas mortales hay 3.760 ni\u00f1os y 2.326 mujeres.<\/p>\n<p style=\"text-align: justify;\">Asimismo, advertimos de una inminente cat\u00e1strofe sanitaria como consecuencia del paro del generador principal en el Hospital Indonesio y del posible cese del generador principal en el Complejo M\u00e9dico Shifa.<\/p>\n<p style=\"text-align: justify;\">Hizo un llamamiento a la comunidad internacional para que acelere la introducci\u00f3n de combustible y ayuda m\u00e9dica en la Franja.<\/p>\n<p style=\"text-align: justify;\">Por su parte, el Observatorio Euromediterr\u00e1neo de Derechos Humanos inform\u00f3 que &#8220;Israel&#8221; lanz\u00f3 m\u00e1s de 25.000 toneladas de explosivos en la Franja de Gaza desde el 7 de octubre, lo que equivale a dos bombas nucleares.<\/p>\n<p style=\"text-align: justify;\">fm\/ed<\/p>\n","protected":false},"excerpt":{"rendered":"<p>Jerusal\u00e9n ocupada, 2 nov (SANA) El Ministerio de Salud palestino anunci\u00f3 hoy que las fuerzas de ocupaci\u00f3n israel\u00edes cometieron 15 masacres durante las \u00faltimas 24 horas, cobrando la vida de 256 palestinos. La cifra de palestinos muertos por los bombardeos contra la Franja de Gaza desde el 7 de octubre pasado, ascendi\u00f3 a 9.061 mientras &hellip;<\/p>\n","protected":false},"author":32,"featured_media":313238,"comment_status":"closed","ping_status":"closed","sticky":false,"template":"","format":"standard","meta":{"footnotes":""},"categories":[597,456,16687,20724,583],"tags":[],"class_list":["post-313233","post","type-post","status-publish","format-standard","has-post-thumbnail","","category-cinta-de-noticias","category-arabe-internacional-politica","category-internacionales","category-minuto-a-minuto","category-slide"],"_links":{"self":[{"href":"https:\/\/archive.sana.sy\/es\/index.php?rest_route=\/wp\/v2\/posts\/313233"}],"collection":[{"href":"https:\/\/archive.sana.sy\/es\/index.php?rest_route=\/wp\/v2\/posts"}],"about":[{"href":"https:\/\/archive.sana.sy\/es\/index.php?rest_route=\/wp\/v2\/types\/post"}],"author":[{"embeddable":true,"href":"https:\/\/archive.sana.sy\/es\/index.php?rest_route=\/wp\/v2\/users\/32"}],"replies":[{"embeddable":true,"href":"https:\/\/archive.sana.sy\/es\/index.php?rest_route=%2Fwp%2Fv2%2Fcomments&post=313233"}],"version-history":[{"count":3,"href":"https:\/\/archive.sana.sy\/es\/index.php?rest_route=\/wp\/v2\/posts\/313233\/revisions"}],"predecessor-version":[{"id":313241,"href":"https:\/\/archive.sana.sy\/es\/index.php?rest_route=\/wp\/v2\/posts\/313233\/revisions\/313241"}],"wp:featuredmedia":[{"embeddable":true,"href":"https:\/\/archive.sana.sy\/es\/index.php?rest_route=\/wp\/v2\/media\/313238"}],"wp:attachment":[{"href":"https:\/\/archive.sana.sy\/es\/index.php?rest_route=%2Fwp%2Fv2%2Fmedia&parent=313233"}],"wp:term":[{"taxonomy":"category","embeddable":true,"href":"https:\/\/archive.sana.sy\/es\/index.php?rest_route=%2Fwp%2Fv2%2Fcategories&post=313233"},{"taxonomy":"post_tag","embeddable":true,"href":"https:\/\/archive.sana.sy\/es\/index.php?rest_route=%2Fwp%2Fv2%2Ftags&post=313233"}],"curies":[{"name":"wp","href":"https:\/\/api.w.org\/{rel}","templated":true}]}}