{"id":313243,"date":"2023-11-02T15:02:39","date_gmt":"2023-11-02T12:02:39","guid":{"rendered":"http:\/\/sana.sy\/es\/?p=313243"},"modified":"2023-11-02T15:03:45","modified_gmt":"2023-11-02T12:03:45","slug":"israel-comete-genocidio-en-gaza-denuncia-ministra-palestina-de-salud","status":"publish","type":"post","link":"https:\/\/archive.sana.sy\/es\/?p=313243","title":{"rendered":"Israel comete genocidio en Gaza, denuncia Ministra palestina de Salud"},"content":{"rendered":"<p style=\"text-align: justify;\"><strong>Jerusal\u00e9n ocupada , 2 nov (SANA)<\/strong> La ministra palestina de Salud Mai Al-Kaila, afirm\u00f3 que el ocupante israel\u00ed est\u00e1 llevando a cabo una guerra genocida contra la sitiada Franja de Gaza e inst\u00f3 la comunidad internacional para que detenga este genocidio.<\/p>\n<p style=\"text-align: justify;\">\u201cLa situaci\u00f3n del sistema de salud en la Franja es catastr\u00f3fica como resultado de los ataques israel\u00edes y la destrucci\u00f3n de hospitales, adem\u00e1s del agotamiento del combustible y la asistencia humanitaria\u201d, declar\u00f3 Al-Kaila.<\/p>\n<p style=\"text-align: justify;\">A\u00f1adi\u00f3 que hay m\u00e1s de 22.000 heridos en el enclave costero y el n\u00famero aumenta cada hora, lo que requiere una acci\u00f3n internacional urgente para introducir combustible, insumos m\u00e9dicos, y necesidades b\u00e1sicas para la continuaci\u00f3n de la labor en los hospitales.<\/p>\n<p style=\"text-align: justify;\">La Ministra se\u00f1al\u00f3 que los Convenios de Ginebra, los derechos humanos y la Ley Internacional garantizan la protecci\u00f3n de las instalaciones m\u00e9dicas, pero el ej\u00e9rcito israel\u00ed contin\u00faa sus violaciones sin que rinda cuentas, y todos deben tomar medidas para detener su brutal agresi\u00f3n contra la Franja de Gaza.<\/p>\n<p style=\"text-align: justify;\">lo\/fm<\/p>\n","protected":false},"excerpt":{"rendered":"<p>Jerusal\u00e9n ocupada , 2 nov (SANA) La ministra palestina de Salud Mai Al-Kaila, afirm\u00f3 que el ocupante israel\u00ed est\u00e1 llevando a cabo una guerra genocida contra la sitiada Franja de Gaza e inst\u00f3 la comunidad internacional para que detenga este genocidio. \u201cLa situaci\u00f3n del sistema de salud en la Franja es catastr\u00f3fica como resultado de &hellip;<\/p>\n","protected":false},"author":32,"featured_media":313244,"comment_status":"closed","ping_status":"closed","sticky":false,"template":"","format":"standard","meta":{"footnotes":""},"categories":[597,456,16687,7541],"tags":[],"class_list":["post-313243","post","type-post","status-publish","format-standard","has-post-thumbnail","","category-cinta-de-noticias","category-arabe-internacional-politica","category-internacionales","category-ultimas-noticias"],"_links":{"self":[{"href":"https:\/\/archive.sana.sy\/es\/index.php?rest_route=\/wp\/v2\/posts\/313243"}],"collection":[{"href":"https:\/\/archive.sana.sy\/es\/index.php?rest_route=\/wp\/v2\/posts"}],"about":[{"href":"https:\/\/archive.sana.sy\/es\/index.php?rest_route=\/wp\/v2\/types\/post"}],"author":[{"embeddable":true,"href":"https:\/\/archive.sana.sy\/es\/index.php?rest_route=\/wp\/v2\/users\/32"}],"replies":[{"embeddable":true,"href":"https:\/\/archive.sana.sy\/es\/index.php?rest_route=%2Fwp%2Fv2%2Fcomments&post=313243"}],"version-history":[{"count":2,"href":"https:\/\/archive.sana.sy\/es\/index.php?rest_route=\/wp\/v2\/posts\/313243\/revisions"}],"predecessor-version":[{"id":313246,"href":"https:\/\/archive.sana.sy\/es\/index.php?rest_route=\/wp\/v2\/posts\/313243\/revisions\/313246"}],"wp:featuredmedia":[{"embeddable":true,"href":"https:\/\/archive.sana.sy\/es\/index.php?rest_route=\/wp\/v2\/media\/313244"}],"wp:attachment":[{"href":"https:\/\/archive.sana.sy\/es\/index.php?rest_route=%2Fwp%2Fv2%2Fmedia&parent=313243"}],"wp:term":[{"taxonomy":"category","embeddable":true,"href":"https:\/\/archive.sana.sy\/es\/index.php?rest_route=%2Fwp%2Fv2%2Fcategories&post=313243"},{"taxonomy":"post_tag","embeddable":true,"href":"https:\/\/archive.sana.sy\/es\/index.php?rest_route=%2Fwp%2Fv2%2Ftags&post=313243"}],"curies":[{"name":"wp","href":"https:\/\/api.w.org\/{rel}","templated":true}]}}