{"id":313247,"date":"2023-11-02T15:08:20","date_gmt":"2023-11-02T12:08:20","guid":{"rendered":"https:\/\/sana.sy\/es\/?p=313247"},"modified":"2023-11-02T15:15:31","modified_gmt":"2023-11-02T12:15:31","slug":"ejercito-israeli-sufre-numerosas-bajas-a-manos-de-la-resistencia","status":"publish","type":"post","link":"https:\/\/archive.sana.sy\/es\/?p=313247","title":{"rendered":"Ej\u00e9rcito israel\u00ed sufre numerosas bajas a manos de la resistencia"},"content":{"rendered":"<p style=\"text-align: justify;\"><span style=\"color: #800000;\"><strong>Jerusal\u00e9n ocupada, 2 nov (SANA)<\/strong><\/span>\u00a0 \u00a0Un soldado israel\u00ed muri\u00f3 y otros resultaron heridos en un ataque de la resistencia palestina contra un veh\u00edculo militar israel\u00ed en Tulkarm en Cisjordania.<\/p>\n<p style=\"text-align: justify;\">Medios israel\u00edes reconocen la muerte de un militar sionista durante los combates en Gaza, lo que eleva a 17 la cifra de las bajas en dos d\u00edas.<\/p>\n<p style=\"text-align: justify;\">Ej\u00e9rcito israel\u00ed reconoce la muerte de un alto oficial que ocupaba el cargo de comandante de la Brigada 53, durante los enfrentamientos con la resistencia palestina en el norte de la Franja de Gaza.<\/p>\n<p style=\"text-align: justify;\">Resistentes palestinos usan dron para lanzar granadas contra una fuerza israel\u00ed al este de Beit Hanoun, dejando a cinco soldados entre muertos heridos.<\/p>\n<p style=\"text-align: justify;\">Resistencia palestina ataca dos veh\u00edculos israel\u00edes con dos misiles \u201cAl-Yassin 105\u201d en el eje noroeste de Gaza.<\/p>\n<p style=\"text-align: justify;\">La resistencia palestina destruye con dos misiles \u201cAl-Yassin 105\u201d un tanque israel\u00ed y un veh\u00edculo de transporte de tropas, al noroeste de Gaza.<\/p>\n<p style=\"text-align: justify;\">Reportan el derribo de un avi\u00f3n de reconocimiento israel\u00ed en el norte de la Franja de Gaza<\/p>\n<p style=\"text-align: justify;\">El \u00faltimo lunes, un palestino perdi\u00f3 la vida por fuego de las troas sionistas tras una operaci\u00f3n heroica en la ciudad ocupada de Jerusal\u00e9n, que result\u00f3 en la lesi\u00f3n de un soldado de la ocupaci\u00f3n.<\/p>\n<p style=\"text-align: justify;\">ed\/fm<\/p>\n","protected":false},"excerpt":{"rendered":"<p>Jerusal\u00e9n ocupada, 2 nov (SANA)\u00a0 \u00a0Un soldado israel\u00ed muri\u00f3 y otros resultaron heridos en un ataque de la resistencia palestina contra un veh\u00edculo militar israel\u00ed en Tulkarm en Cisjordania. Medios israel\u00edes reconocen la muerte de un militar sionista durante los combates en Gaza, lo que eleva a 17 la cifra de las bajas en dos &hellip;<\/p>\n","protected":false},"author":32,"featured_media":313258,"comment_status":"closed","ping_status":"closed","sticky":false,"template":"","format":"standard","meta":{"footnotes":""},"categories":[597,456,20724,583],"tags":[],"class_list":["post-313247","post","type-post","status-publish","format-standard","has-post-thumbnail","","category-cinta-de-noticias","category-arabe-internacional-politica","category-minuto-a-minuto","category-slide"],"_links":{"self":[{"href":"https:\/\/archive.sana.sy\/es\/index.php?rest_route=\/wp\/v2\/posts\/313247"}],"collection":[{"href":"https:\/\/archive.sana.sy\/es\/index.php?rest_route=\/wp\/v2\/posts"}],"about":[{"href":"https:\/\/archive.sana.sy\/es\/index.php?rest_route=\/wp\/v2\/types\/post"}],"author":[{"embeddable":true,"href":"https:\/\/archive.sana.sy\/es\/index.php?rest_route=\/wp\/v2\/users\/32"}],"replies":[{"embeddable":true,"href":"https:\/\/archive.sana.sy\/es\/index.php?rest_route=%2Fwp%2Fv2%2Fcomments&post=313247"}],"version-history":[{"count":1,"href":"https:\/\/archive.sana.sy\/es\/index.php?rest_route=\/wp\/v2\/posts\/313247\/revisions"}],"predecessor-version":[{"id":313251,"href":"https:\/\/archive.sana.sy\/es\/index.php?rest_route=\/wp\/v2\/posts\/313247\/revisions\/313251"}],"wp:featuredmedia":[{"embeddable":true,"href":"https:\/\/archive.sana.sy\/es\/index.php?rest_route=\/wp\/v2\/media\/313258"}],"wp:attachment":[{"href":"https:\/\/archive.sana.sy\/es\/index.php?rest_route=%2Fwp%2Fv2%2Fmedia&parent=313247"}],"wp:term":[{"taxonomy":"category","embeddable":true,"href":"https:\/\/archive.sana.sy\/es\/index.php?rest_route=%2Fwp%2Fv2%2Fcategories&post=313247"},{"taxonomy":"post_tag","embeddable":true,"href":"https:\/\/archive.sana.sy\/es\/index.php?rest_route=%2Fwp%2Fv2%2Ftags&post=313247"}],"curies":[{"name":"wp","href":"https:\/\/api.w.org\/{rel}","templated":true}]}}