{"id":313249,"date":"2023-11-02T15:09:19","date_gmt":"2023-11-02T12:09:19","guid":{"rendered":"http:\/\/sana.sy\/es\/?p=313249"},"modified":"2023-11-02T15:14:48","modified_gmt":"2023-11-02T12:14:48","slug":"unicef-condena-ataques-de-israel-contra-el-campo-de-jabalia","status":"publish","type":"post","link":"https:\/\/archive.sana.sy\/es\/?p=313249","title":{"rendered":"Unicef condena ataques de \u201cIsrael\u201d contra el campo de Jabalia"},"content":{"rendered":"<p style=\"text-align: justify;\"><strong>Nueva York, 2 nov (SANA)<\/strong> El Fondo de las Naciones Unidas para la Infancia (UNICEF) conden\u00f3 las masacres cometidas por las fuerzas de ocupaci\u00f3n israel\u00edes en el campamento de Jabalia en la Franja de Gaza durante los dos \u00faltimos d\u00edas, que ocasionaron de muertos y heridos palestinos.<\/p>\n<p style=\"text-align: justify;\">&#8220;Las im\u00e1genes de la masacre cometida en Jabalia son aterradoras y muchos ni\u00f1os est\u00e1n entre las v\u00edctimas&#8221;, anunci\u00f3 la Organizaci\u00f3n en su cuenta en X.<\/p>\n<p style=\"text-align: justify;\">La Unicef record\u00f3 que los campos de refugiados, los asentamientos para desplazados internos y los civiles que los habitan est\u00e1n protegidos por el derecho internacional humanitario (DIH), por lo que \u201cIsrael\u201d tiene la obligaci\u00f3n de respetarlos y protegerlos de los ataques.<\/p>\n<p style=\"text-align: justify;\">La organizaci\u00f3n hizo un llamamiento a un alto del fuego urgente y permitir el acceso de asistencia humanitaria sin trabas.<\/p>\n<p style=\"text-align: justify;\">Las Naciones Unidas conden\u00f3 la v\u00edspera las masacres perpetradas por el ocupante israel\u00ed en Gaza, en particular los ataques en el campamento de Jabalia, que causaron cientos de muertos y heridos palestinos.<\/p>\n<p style=\"text-align: justify;\">lo\/fm<\/p>\n","protected":false},"excerpt":{"rendered":"<p>Nueva York, 2 nov (SANA) El Fondo de las Naciones Unidas para la Infancia (UNICEF) conden\u00f3 las masacres cometidas por las fuerzas de ocupaci\u00f3n israel\u00edes en el campamento de Jabalia en la Franja de Gaza durante los dos \u00faltimos d\u00edas, que ocasionaron de muertos y heridos palestinos. &#8220;Las im\u00e1genes de la masacre cometida en Jabalia &hellip;<\/p>\n","protected":false},"author":32,"featured_media":313252,"comment_status":"closed","ping_status":"closed","sticky":false,"template":"","format":"standard","meta":{"footnotes":""},"categories":[597,456,16687,7541],"tags":[],"class_list":["post-313249","post","type-post","status-publish","format-standard","has-post-thumbnail","","category-cinta-de-noticias","category-arabe-internacional-politica","category-internacionales","category-ultimas-noticias"],"_links":{"self":[{"href":"https:\/\/archive.sana.sy\/es\/index.php?rest_route=\/wp\/v2\/posts\/313249"}],"collection":[{"href":"https:\/\/archive.sana.sy\/es\/index.php?rest_route=\/wp\/v2\/posts"}],"about":[{"href":"https:\/\/archive.sana.sy\/es\/index.php?rest_route=\/wp\/v2\/types\/post"}],"author":[{"embeddable":true,"href":"https:\/\/archive.sana.sy\/es\/index.php?rest_route=\/wp\/v2\/users\/32"}],"replies":[{"embeddable":true,"href":"https:\/\/archive.sana.sy\/es\/index.php?rest_route=%2Fwp%2Fv2%2Fcomments&post=313249"}],"version-history":[{"count":4,"href":"https:\/\/archive.sana.sy\/es\/index.php?rest_route=\/wp\/v2\/posts\/313249\/revisions"}],"predecessor-version":[{"id":313257,"href":"https:\/\/archive.sana.sy\/es\/index.php?rest_route=\/wp\/v2\/posts\/313249\/revisions\/313257"}],"wp:featuredmedia":[{"embeddable":true,"href":"https:\/\/archive.sana.sy\/es\/index.php?rest_route=\/wp\/v2\/media\/313252"}],"wp:attachment":[{"href":"https:\/\/archive.sana.sy\/es\/index.php?rest_route=%2Fwp%2Fv2%2Fmedia&parent=313249"}],"wp:term":[{"taxonomy":"category","embeddable":true,"href":"https:\/\/archive.sana.sy\/es\/index.php?rest_route=%2Fwp%2Fv2%2Fcategories&post=313249"},{"taxonomy":"post_tag","embeddable":true,"href":"https:\/\/archive.sana.sy\/es\/index.php?rest_route=%2Fwp%2Fv2%2Ftags&post=313249"}],"curies":[{"name":"wp","href":"https:\/\/api.w.org\/{rel}","templated":true}]}}