{"id":313261,"date":"2023-11-02T15:28:15","date_gmt":"2023-11-02T12:28:15","guid":{"rendered":"http:\/\/sana.sy\/es\/?p=313261"},"modified":"2023-11-02T15:28:35","modified_gmt":"2023-11-02T12:28:35","slug":"lavrov-insta-por-un-alto-el-fuego-en-gaza-y-la-apertura-de-corredores-humanitarios","status":"publish","type":"post","link":"https:\/\/archive.sana.sy\/es\/?p=313261","title":{"rendered":"Lavrov insta por un alto el fuego en Gaza y la apertura de corredores humanitarios"},"content":{"rendered":"<p style=\"text-align: justify;\"><strong>Mosc\u00fa, 02 nov (SANA)\u00a0<\/strong> El ministro ruso de Asuntos Exteriores, Sergu\u00e9i\u00a0 Lavrov sostuvo hoy una reuni\u00f3n con los jefes de las misiones diplom\u00e1ticas de los pa\u00edses \u00e1rabes acreditadas en Mosc\u00fa y con el representante de la Liga \u00c1rabe, con quienes repas\u00f3 la situaci\u00f3n en los territorios palestinos ocupados y la agresi\u00f3n de \u201cIsrael\u201d contra la Franja de Gaza.<\/p>\n<p style=\"text-align: justify;\">&#8220;La posici\u00f3n rusa apoya un cese urgente del fuego, asegurar la protecci\u00f3n de los civiles y el respeto del Derecho Internacional Humanitario, adem\u00e1s de la apertura de corredores humanitarios y la organizaci\u00f3n del proceso de evacuaci\u00f3n de la Franja de Gaza&#8221;,\u00a0 dijo Lavrov, seg\u00fan inform\u00f3 un comunicado emitido por el Ministerio de Relaciones Exteriores de la naci\u00f3n euroasi\u00e1tica.<\/p>\n<p style=\"text-align: justify;\">El Canciller explic\u00f3 a los diplom\u00e1ticos \u00e1rabes las medidas adoptadas por Rusia en el Consejo de Seguridad de la ONU para detener el derramamiento de sangre y llevar la situaci\u00f3n al campo pol\u00edtico y diplom\u00e1tico.<\/p>\n<p style=\"text-align: justify;\">Llam\u00f3 a incrementar los esfuerzos internacionales para crear las condiciones necesarias para formar un proceso de paz que se basa a las resoluciones de las Naciones Unidas, incluido el principio de los dos Estados y establecimiento de un Estado palestino independiente dentro de las fronteras de 1967 con Jerusal\u00e9n Oriental como su capital.<\/p>\n<p style=\"text-align: justify;\">Por su parte, los diplom\u00e1ticos \u00e1rabes expresaron su agradecimiento por los esfuerzos de Rusia encaminado a lograr una desescalada y proporcionar asistencia humanitaria a la poblaci\u00f3n gazat\u00ed.<\/p>\n<p style=\"text-align: justify;\">Reiteraron el rechazo a la posici\u00f3n de varios pa\u00edses occidentales sobre esta cuesti\u00f3n en el Consejo de Seguridad de la ONU.<\/p>\n<p style=\"text-align: justify;\">lo\/fm<\/p>\n","protected":false},"excerpt":{"rendered":"<p>Mosc\u00fa, 02 nov (SANA)\u00a0 El ministro ruso de Asuntos Exteriores, Sergu\u00e9i\u00a0 Lavrov sostuvo hoy una reuni\u00f3n con los jefes de las misiones diplom\u00e1ticas de los pa\u00edses \u00e1rabes acreditadas en Mosc\u00fa y con el representante de la Liga \u00c1rabe, con quienes repas\u00f3 la situaci\u00f3n en los territorios palestinos ocupados y la agresi\u00f3n de \u201cIsrael\u201d contra la &hellip;<\/p>\n","protected":false},"author":32,"featured_media":313262,"comment_status":"closed","ping_status":"closed","sticky":false,"template":"","format":"standard","meta":{"footnotes":""},"categories":[597,456,16687,7541],"tags":[],"class_list":["post-313261","post","type-post","status-publish","format-standard","has-post-thumbnail","","category-cinta-de-noticias","category-arabe-internacional-politica","category-internacionales","category-ultimas-noticias"],"_links":{"self":[{"href":"https:\/\/archive.sana.sy\/es\/index.php?rest_route=\/wp\/v2\/posts\/313261"}],"collection":[{"href":"https:\/\/archive.sana.sy\/es\/index.php?rest_route=\/wp\/v2\/posts"}],"about":[{"href":"https:\/\/archive.sana.sy\/es\/index.php?rest_route=\/wp\/v2\/types\/post"}],"author":[{"embeddable":true,"href":"https:\/\/archive.sana.sy\/es\/index.php?rest_route=\/wp\/v2\/users\/32"}],"replies":[{"embeddable":true,"href":"https:\/\/archive.sana.sy\/es\/index.php?rest_route=%2Fwp%2Fv2%2Fcomments&post=313261"}],"version-history":[{"count":2,"href":"https:\/\/archive.sana.sy\/es\/index.php?rest_route=\/wp\/v2\/posts\/313261\/revisions"}],"predecessor-version":[{"id":313264,"href":"https:\/\/archive.sana.sy\/es\/index.php?rest_route=\/wp\/v2\/posts\/313261\/revisions\/313264"}],"wp:featuredmedia":[{"embeddable":true,"href":"https:\/\/archive.sana.sy\/es\/index.php?rest_route=\/wp\/v2\/media\/313262"}],"wp:attachment":[{"href":"https:\/\/archive.sana.sy\/es\/index.php?rest_route=%2Fwp%2Fv2%2Fmedia&parent=313261"}],"wp:term":[{"taxonomy":"category","embeddable":true,"href":"https:\/\/archive.sana.sy\/es\/index.php?rest_route=%2Fwp%2Fv2%2Fcategories&post=313261"},{"taxonomy":"post_tag","embeddable":true,"href":"https:\/\/archive.sana.sy\/es\/index.php?rest_route=%2Fwp%2Fv2%2Ftags&post=313261"}],"curies":[{"name":"wp","href":"https:\/\/api.w.org\/{rel}","templated":true}]}}