{"id":313286,"date":"2023-11-02T20:44:53","date_gmt":"2023-11-02T17:44:53","guid":{"rendered":"https:\/\/sana.sy\/es\/?p=313286"},"modified":"2023-11-02T20:44:53","modified_gmt":"2023-11-02T17:44:53","slug":"asamblea-general-de-la-onu-rechaza-bloqueo-a-cuba-con-187-votos","status":"publish","type":"post","link":"https:\/\/archive.sana.sy\/es\/?p=313286","title":{"rendered":"Asamblea General de la ONU rechaza bloqueo a Cuba con 187 votos"},"content":{"rendered":"<blockquote><p><span style=\"color: #ff6600;\"><strong>El texto de la resoluci\u00f3n, apoyado por trig\u00e9simo primera ocasi\u00f3n, recibi\u00f3 dos votos en contra (Estados Unidos e Israel) y un Estado miembro se abstuvo (Ucrania).<\/strong><\/span><\/p>\n<p><span style=\"color: #ff6600;\"><strong>La resoluci\u00f3n reconoce al cerco como el elemento central de la pol\u00edtica de los Estados Unidos hacia Cuba por m\u00e1s de seis d\u00e9cadas, y sus efectos no han cesado ni un solo d\u00eda y son conocidos por el 80 por ciento de la poblaci\u00f3n de la isla que solo conocen un pa\u00eds con bloqueo.<\/strong><\/span><\/p><\/blockquote>\n<p style=\"text-align: justify;\"><span style=\"color: #800000;\"><strong>Nueva York, 2 nov (SANA)<\/strong><\/span> La resoluci\u00f3n presentada por Cuba para pedir el fin del bloqueo econ\u00f3mico, comercial y financiero impuesto por Estados Unidos fue aprobada hoy por la Asamblea General de las Naciones Unidas con 187 votos a favor.<\/p>\n<p style=\"text-align: justify;\">El texto, apoyado por trig\u00e9simo primera ocasi\u00f3n, recibi\u00f3 dos votos en contra (Estados Unidos e Israel) y un Estado miembro se abstuvo (Ucrania).<\/p>\n<p style=\"text-align: justify;\">La resoluci\u00f3n reconoce al cerco como el elemento central de la pol\u00edtica de los Estados Unidos hacia Cuba por m\u00e1s de seis d\u00e9cadas.<\/p>\n<p style=\"text-align: justify;\">Sus efectos no han cesado ni un solo d\u00eda y son conocidos por el 80 por ciento de la poblaci\u00f3n de la isla que solo conocen un pa\u00eds con bloqueo.<\/p>\n<p style=\"text-align: justify;\">Los da\u00f1os provocados por esa pol\u00edtica entre el 1 de marzo de 2022 y el 28 de febrero de 2023 ascienden a cuatro mil 867 millones de d\u00f3lares.<\/p>\n<p style=\"text-align: justify;\">Las afectaciones por el compendio de medidas sobrepasan los 405 millones mensuales, que equivalen a un mill\u00f3n de d\u00f3lares cada dos horas.<\/p>\n<p style=\"text-align: justify;\">El reporte presentado a la Asamblea General por el secretario general de la ONU, Ant\u00f3nio Guterres, reconoce la continuaci\u00f3n de esta pol\u00edtica contra Cuba y su inclusi\u00f3n en la lista de estados patrocinadores del terrorismo como acciones incompatibles con un sistema internacional basado en el derecho.<\/p>\n<p style=\"text-align: justify;\">De acuerdo con el informe, la situaci\u00f3n del pa\u00eds caribe\u00f1o no hace m\u00e1s que confirmar la necesidad de desmantelar las medidas coercitivas unilaterales, que socavan los derechos soberanos, la realizaci\u00f3n de los derechos humanos y el logro de los Objetivos de Desarrollo Sostenible.<\/p>\n<p style=\"text-align: justify;\"><em><strong>fm\/ah<\/strong><\/em><\/p>\n","protected":false},"excerpt":{"rendered":"<p>El texto de la resoluci\u00f3n, apoyado por trig\u00e9simo primera ocasi\u00f3n, recibi\u00f3 dos votos en contra (Estados Unidos e Israel) y un Estado miembro se abstuvo (Ucrania). La resoluci\u00f3n reconoce al cerco como el elemento central de la pol\u00edtica de los Estados Unidos hacia Cuba por m\u00e1s de seis d\u00e9cadas, y sus efectos no han cesado &hellip;<\/p>\n","protected":false},"author":30,"featured_media":313287,"comment_status":"closed","ping_status":"closed","sticky":false,"template":"","format":"standard","meta":{"footnotes":""},"categories":[597,456,16687,20724,7541],"tags":[],"class_list":["post-313286","post","type-post","status-publish","format-standard","has-post-thumbnail","","category-cinta-de-noticias","category-arabe-internacional-politica","category-internacionales","category-minuto-a-minuto","category-ultimas-noticias"],"_links":{"self":[{"href":"https:\/\/archive.sana.sy\/es\/index.php?rest_route=\/wp\/v2\/posts\/313286"}],"collection":[{"href":"https:\/\/archive.sana.sy\/es\/index.php?rest_route=\/wp\/v2\/posts"}],"about":[{"href":"https:\/\/archive.sana.sy\/es\/index.php?rest_route=\/wp\/v2\/types\/post"}],"author":[{"embeddable":true,"href":"https:\/\/archive.sana.sy\/es\/index.php?rest_route=\/wp\/v2\/users\/30"}],"replies":[{"embeddable":true,"href":"https:\/\/archive.sana.sy\/es\/index.php?rest_route=%2Fwp%2Fv2%2Fcomments&post=313286"}],"version-history":[{"count":1,"href":"https:\/\/archive.sana.sy\/es\/index.php?rest_route=\/wp\/v2\/posts\/313286\/revisions"}],"predecessor-version":[{"id":313288,"href":"https:\/\/archive.sana.sy\/es\/index.php?rest_route=\/wp\/v2\/posts\/313286\/revisions\/313288"}],"wp:featuredmedia":[{"embeddable":true,"href":"https:\/\/archive.sana.sy\/es\/index.php?rest_route=\/wp\/v2\/media\/313287"}],"wp:attachment":[{"href":"https:\/\/archive.sana.sy\/es\/index.php?rest_route=%2Fwp%2Fv2%2Fmedia&parent=313286"}],"wp:term":[{"taxonomy":"category","embeddable":true,"href":"https:\/\/archive.sana.sy\/es\/index.php?rest_route=%2Fwp%2Fv2%2Fcategories&post=313286"},{"taxonomy":"post_tag","embeddable":true,"href":"https:\/\/archive.sana.sy\/es\/index.php?rest_route=%2Fwp%2Fv2%2Ftags&post=313286"}],"curies":[{"name":"wp","href":"https:\/\/api.w.org\/{rel}","templated":true}]}}