{"id":313307,"date":"2023-11-03T10:43:06","date_gmt":"2023-11-03T07:43:06","guid":{"rendered":"https:\/\/sana.sy\/es\/?p=313307"},"modified":"2023-11-03T10:43:06","modified_gmt":"2023-11-03T07:43:06","slug":"ejercito-de-ocupacion-israeli-bombardea-con-artilleria-el-sur-del-libano","status":"publish","type":"post","link":"https:\/\/archive.sana.sy\/es\/?p=313307","title":{"rendered":"Ej\u00e9rcito de ocupaci\u00f3n israel\u00ed bombardea con artiller\u00eda el sur del L\u00edbano"},"content":{"rendered":"<p style=\"text-align: justify;\"><span style=\"color: #800000;\"><strong>Beirut, 3 nov (SANA)<\/strong> <\/span>El ej\u00e9rcito fascista de \u201cIsrael\u201d reanud\u00f3 sus bombardeos de artiller\u00eda contra las localidades de Alma al-Shaab y al-Jebin, mientras los aviones de reconocimiento sionistas sobrevolaban las aldeas de los sectores occidental y central del sur del L\u00edbano.<\/p>\n<p style=\"text-align: justify;\">La Agencia Nacional de Noticias Libanesa inform\u00f3 que la aviaci\u00f3n enemiga atac\u00f3 intensamente las proximidades de las localidades de Aita al-Shaab y Al-Dhahira, y los valles que rodean las localidades de Zibqin, Yater, Hanin y Beit Lev, lo que destruy\u00f3 na casa en Aita Al-Shaab.<\/p>\n<p style=\"text-align: justify;\">El medio agreg\u00f3 que el enemigo israel\u00ed lanz\u00f3 bengalas en la zona, alcanzando las afueras de las localidades de Zabqin, Yater y Kafra.<\/p>\n<p style=\"text-align: justify;\"><em><strong>fm\/ah<\/strong><\/em><\/p>\n","protected":false},"excerpt":{"rendered":"<p>Beirut, 3 nov (SANA) El ej\u00e9rcito fascista de \u201cIsrael\u201d reanud\u00f3 sus bombardeos de artiller\u00eda contra las localidades de Alma al-Shaab y al-Jebin, mientras los aviones de reconocimiento sionistas sobrevolaban las aldeas de los sectores occidental y central del sur del L\u00edbano. La Agencia Nacional de Noticias Libanesa inform\u00f3 que la aviaci\u00f3n enemiga atac\u00f3 intensamente las &hellip;<\/p>\n","protected":false},"author":30,"featured_media":313308,"comment_status":"closed","ping_status":"closed","sticky":false,"template":"","format":"standard","meta":{"footnotes":""},"categories":[597,456,16687,20724,7541],"tags":[],"class_list":["post-313307","post","type-post","status-publish","format-standard","has-post-thumbnail","","category-cinta-de-noticias","category-arabe-internacional-politica","category-internacionales","category-minuto-a-minuto","category-ultimas-noticias"],"_links":{"self":[{"href":"https:\/\/archive.sana.sy\/es\/index.php?rest_route=\/wp\/v2\/posts\/313307"}],"collection":[{"href":"https:\/\/archive.sana.sy\/es\/index.php?rest_route=\/wp\/v2\/posts"}],"about":[{"href":"https:\/\/archive.sana.sy\/es\/index.php?rest_route=\/wp\/v2\/types\/post"}],"author":[{"embeddable":true,"href":"https:\/\/archive.sana.sy\/es\/index.php?rest_route=\/wp\/v2\/users\/30"}],"replies":[{"embeddable":true,"href":"https:\/\/archive.sana.sy\/es\/index.php?rest_route=%2Fwp%2Fv2%2Fcomments&post=313307"}],"version-history":[{"count":1,"href":"https:\/\/archive.sana.sy\/es\/index.php?rest_route=\/wp\/v2\/posts\/313307\/revisions"}],"predecessor-version":[{"id":313309,"href":"https:\/\/archive.sana.sy\/es\/index.php?rest_route=\/wp\/v2\/posts\/313307\/revisions\/313309"}],"wp:featuredmedia":[{"embeddable":true,"href":"https:\/\/archive.sana.sy\/es\/index.php?rest_route=\/wp\/v2\/media\/313308"}],"wp:attachment":[{"href":"https:\/\/archive.sana.sy\/es\/index.php?rest_route=%2Fwp%2Fv2%2Fmedia&parent=313307"}],"wp:term":[{"taxonomy":"category","embeddable":true,"href":"https:\/\/archive.sana.sy\/es\/index.php?rest_route=%2Fwp%2Fv2%2Fcategories&post=313307"},{"taxonomy":"post_tag","embeddable":true,"href":"https:\/\/archive.sana.sy\/es\/index.php?rest_route=%2Fwp%2Fv2%2Ftags&post=313307"}],"curies":[{"name":"wp","href":"https:\/\/api.w.org\/{rel}","templated":true}]}}