{"id":313316,"date":"2023-11-03T11:01:59","date_gmt":"2023-11-03T08:01:59","guid":{"rendered":"https:\/\/sana.sy\/es\/?p=313316"},"modified":"2023-11-03T11:01:59","modified_gmt":"2023-11-03T08:01:59","slug":"defensas-aereas-rusas-derriban-un-dron-ucraniano-en-la-provincia-de-belgorod","status":"publish","type":"post","link":"https:\/\/archive.sana.sy\/es\/?p=313316","title":{"rendered":"Defensas a\u00e9reas rusas derriban un dron ucraniano en la provincia de Belgorod"},"content":{"rendered":"<p style=\"text-align: justify;\"><span style=\"color: #800000;\"><strong>Mosc\u00fa, 03 nov (SANA)<\/strong><\/span> Las fuerzas de defensa a\u00e9rea rusas lograro interceptar y derribar un dron ucraniano en el espacio a\u00e9reo de la provincia de Belgorod, Rusia.<\/p>\n<p style=\"text-align: justify;\">Seg\u00fan inform\u00f3 el Ministerio de Defensa ruso en un comunicado, las defensas a\u00e9reas rusas frustraron un intento por parte del sistema de Kiev de llevar a cabo un ataque terrorista con un dron contra objetivos en Rusia, logrando destruir con \u00e9xito el objetivo sobre la provincia de Belgorod.<\/p>\n<p style=\"text-align: justify;\">La provincia de Belgorod, situada en la frontera rusa, sufre ataques continuos de parte de las fuerzas ucranianas, que utilizan drones, cohetes y artiller\u00eda.<\/p>\n<p style=\"text-align: justify;\"><em><strong>ah\/fm<\/strong><\/em><\/p>\n","protected":false},"excerpt":{"rendered":"<p>Mosc\u00fa, 03 nov (SANA) Las fuerzas de defensa a\u00e9rea rusas lograro interceptar y derribar un dron ucraniano en el espacio a\u00e9reo de la provincia de Belgorod, Rusia. Seg\u00fan inform\u00f3 el Ministerio de Defensa ruso en un comunicado, las defensas a\u00e9reas rusas frustraron un intento por parte del sistema de Kiev de llevar a cabo un &hellip;<\/p>\n","protected":false},"author":30,"featured_media":313317,"comment_status":"closed","ping_status":"closed","sticky":false,"template":"","format":"standard","meta":{"footnotes":""},"categories":[597,456,16687,20724],"tags":[],"class_list":["post-313316","post","type-post","status-publish","format-standard","has-post-thumbnail","","category-cinta-de-noticias","category-arabe-internacional-politica","category-internacionales","category-minuto-a-minuto"],"_links":{"self":[{"href":"https:\/\/archive.sana.sy\/es\/index.php?rest_route=\/wp\/v2\/posts\/313316"}],"collection":[{"href":"https:\/\/archive.sana.sy\/es\/index.php?rest_route=\/wp\/v2\/posts"}],"about":[{"href":"https:\/\/archive.sana.sy\/es\/index.php?rest_route=\/wp\/v2\/types\/post"}],"author":[{"embeddable":true,"href":"https:\/\/archive.sana.sy\/es\/index.php?rest_route=\/wp\/v2\/users\/30"}],"replies":[{"embeddable":true,"href":"https:\/\/archive.sana.sy\/es\/index.php?rest_route=%2Fwp%2Fv2%2Fcomments&post=313316"}],"version-history":[{"count":1,"href":"https:\/\/archive.sana.sy\/es\/index.php?rest_route=\/wp\/v2\/posts\/313316\/revisions"}],"predecessor-version":[{"id":313318,"href":"https:\/\/archive.sana.sy\/es\/index.php?rest_route=\/wp\/v2\/posts\/313316\/revisions\/313318"}],"wp:featuredmedia":[{"embeddable":true,"href":"https:\/\/archive.sana.sy\/es\/index.php?rest_route=\/wp\/v2\/media\/313317"}],"wp:attachment":[{"href":"https:\/\/archive.sana.sy\/es\/index.php?rest_route=%2Fwp%2Fv2%2Fmedia&parent=313316"}],"wp:term":[{"taxonomy":"category","embeddable":true,"href":"https:\/\/archive.sana.sy\/es\/index.php?rest_route=%2Fwp%2Fv2%2Fcategories&post=313316"},{"taxonomy":"post_tag","embeddable":true,"href":"https:\/\/archive.sana.sy\/es\/index.php?rest_route=%2Fwp%2Fv2%2Ftags&post=313316"}],"curies":[{"name":"wp","href":"https:\/\/api.w.org\/{rel}","templated":true}]}}