{"id":313319,"date":"2023-11-03T12:48:36","date_gmt":"2023-11-03T09:48:36","guid":{"rendered":"https:\/\/sana.sy\/es\/?p=313319"},"modified":"2023-11-03T12:48:36","modified_gmt":"2023-11-03T09:48:36","slug":"corea-del-norte-promete-fortalecer-su-capacidad-de-disuasion-militar-tras-prueba-estadounidense-de-nucleares","status":"publish","type":"post","link":"https:\/\/archive.sana.sy\/es\/?p=313319","title":{"rendered":"Corea del Norte promete fortalecer su capacidad de disuasi\u00f3n militar tras prueba estadounidense de nucleares"},"content":{"rendered":"<p style=\"text-align: justify;\"><span style=\"color: #800000;\"><strong>Pyongyang, 03 nov (SANA)<\/strong><\/span> Corea del Norte se comprometi\u00f3 hoy a fortalecer sus fuerzas de disuasi\u00f3n militar para garantizar su seguridad ante la amenaza de armas nucleares estadounidenses dirigidas en su contra.<\/p>\n<p style=\"text-align: justify;\">La Agencia Central de Noticias de Corea cit\u00f3 a un comentarista militar de Corea del Norte que declar\u00f3 en un art\u00edculo que Corea del Norte continuar\u00e1 su labor militar habitual para fortalecer su capacidad de disuasi\u00f3n y garantizar la seguridad estrat\u00e9gica en la pen\u00ednsula coreana y la regi\u00f3n.<\/p>\n<p style=\"text-align: justify;\">La Fuerza A\u00e9rea de Estados Unidos llev\u00f3 a cabo una prueba de un misil Minuteman 3, con capacidades nucleares, desde una base en California el mi\u00e9rcoles pasado. Sin embargo, el misil fue destruido tras detectarse un fallo. Esta prueba marc\u00f3 la primera visita de funcionarios militares surcoreanos a una prueba de este tipo desde 2016.<\/p>\n<p style=\"text-align: justify;\"><em><strong>ah\/fm<\/strong><\/em><\/p>\n","protected":false},"excerpt":{"rendered":"<p>Pyongyang, 03 nov (SANA) Corea del Norte se comprometi\u00f3 hoy a fortalecer sus fuerzas de disuasi\u00f3n militar para garantizar su seguridad ante la amenaza de armas nucleares estadounidenses dirigidas en su contra. La Agencia Central de Noticias de Corea cit\u00f3 a un comentarista militar de Corea del Norte que declar\u00f3 en un art\u00edculo que Corea &hellip;<\/p>\n","protected":false},"author":30,"featured_media":313320,"comment_status":"closed","ping_status":"closed","sticky":false,"template":"","format":"standard","meta":{"footnotes":""},"categories":[597,456,16687,20724],"tags":[],"class_list":["post-313319","post","type-post","status-publish","format-standard","has-post-thumbnail","","category-cinta-de-noticias","category-arabe-internacional-politica","category-internacionales","category-minuto-a-minuto"],"_links":{"self":[{"href":"https:\/\/archive.sana.sy\/es\/index.php?rest_route=\/wp\/v2\/posts\/313319"}],"collection":[{"href":"https:\/\/archive.sana.sy\/es\/index.php?rest_route=\/wp\/v2\/posts"}],"about":[{"href":"https:\/\/archive.sana.sy\/es\/index.php?rest_route=\/wp\/v2\/types\/post"}],"author":[{"embeddable":true,"href":"https:\/\/archive.sana.sy\/es\/index.php?rest_route=\/wp\/v2\/users\/30"}],"replies":[{"embeddable":true,"href":"https:\/\/archive.sana.sy\/es\/index.php?rest_route=%2Fwp%2Fv2%2Fcomments&post=313319"}],"version-history":[{"count":1,"href":"https:\/\/archive.sana.sy\/es\/index.php?rest_route=\/wp\/v2\/posts\/313319\/revisions"}],"predecessor-version":[{"id":313321,"href":"https:\/\/archive.sana.sy\/es\/index.php?rest_route=\/wp\/v2\/posts\/313319\/revisions\/313321"}],"wp:featuredmedia":[{"embeddable":true,"href":"https:\/\/archive.sana.sy\/es\/index.php?rest_route=\/wp\/v2\/media\/313320"}],"wp:attachment":[{"href":"https:\/\/archive.sana.sy\/es\/index.php?rest_route=%2Fwp%2Fv2%2Fmedia&parent=313319"}],"wp:term":[{"taxonomy":"category","embeddable":true,"href":"https:\/\/archive.sana.sy\/es\/index.php?rest_route=%2Fwp%2Fv2%2Fcategories&post=313319"},{"taxonomy":"post_tag","embeddable":true,"href":"https:\/\/archive.sana.sy\/es\/index.php?rest_route=%2Fwp%2Fv2%2Ftags&post=313319"}],"curies":[{"name":"wp","href":"https:\/\/api.w.org\/{rel}","templated":true}]}}