{"id":313328,"date":"2023-11-03T14:12:59","date_gmt":"2023-11-03T11:12:59","guid":{"rendered":"https:\/\/sana.sy\/es\/?p=313328"},"modified":"2023-11-03T16:13:19","modified_gmt":"2023-11-03T13:13:19","slug":"el-minuto-a-minuto-del-vigesimo-octavo-dia-de-la-operacion-diluvio-de-al-aqsa","status":"publish","type":"post","link":"https:\/\/archive.sana.sy\/es\/?p=313328","title":{"rendered":"El minuto a minuto del vig\u00e9simo octavo d\u00eda de la operaci\u00f3n \u2018Diluvio de Al-Aqsa\u2019"},"content":{"rendered":"<p style=\"text-align: justify;\"><strong><span style=\"color: #800000;\">Jerusal\u00e9n ocupada, 02 nov (SANA)<\/span>\u00a0<em>A continuaci\u00f3n, los principales acontecimientos relativos al vig\u00e9simo octavo d\u00eda de la operaci\u00f3n \u2018Diluvio de Al-Aqsa\u2019, lanzada por la resistencia palestina en respuesta a las agresiones israel\u00edes:<\/em><\/strong><\/p>\n<p style=\"text-align: justify;\">\u2b55\ufe0f Ministerio de Salud palestino eleva a 9.227 el n\u00famero de palestinos muertos por los bombardeos israel\u00edes contra la Franja de Gaza, entre ellos 3826 ni\u00f1os, adem\u00e1s de 23.516 heridos.<\/p>\n<p>\u2b55\ufe0f Los combatientes de la resistencia palestina est\u00e1n liberando violentos enfrentamientos con el enemigo israel\u00ed en el este de Khan Yunis, al sur de la Franja de Gaza.<\/p>\n<p>\u2b55\ufe0f Ej\u00e9rcito israel\u00ed reconoce la muerte de 24 soldados durante los \u00faltimos dos d\u00edas<\/p>\n<p>\u2b55\ufe0f Bombardeo israel\u00ed contra una casa en Khan Younes en el sur de Gaza mata a al menos 17 palestinos<\/p>\n<p style=\"text-align: justify;\">\u2b55\ufe0f Aviones israel\u00edes bombardean las cercan\u00edas del complejo m\u00e9dico Al-Shifa en la ciudad de Gaza.<\/p>\n<p style=\"text-align: justify;\">\u2b55\ufe0f Cuatro soldados israel\u00edes murieron y otros tres resultaron gravemente heridos durante las batallas la noche del jueves en la Franja de Gaza anoche<\/p>\n<p style=\"text-align: justify;\">\u2b55\ufe0f El Portavoz del ej\u00e9rcito de ocupaci\u00f3n israel\u00ed reconoce que el n\u00famero de soldados muertos a manos de la resistencia aument\u00f3 a 24 desde el inicio de la operaci\u00f3n terrestre en Gaza, y a 339 desde el el d\u00eda 7 de octubre pasado.<\/p>\n","protected":false},"excerpt":{"rendered":"<p>Jerusal\u00e9n ocupada, 02 nov (SANA)\u00a0A continuaci\u00f3n, los principales acontecimientos relativos al vig\u00e9simo octavo d\u00eda de la operaci\u00f3n \u2018Diluvio de Al-Aqsa\u2019, lanzada por la resistencia palestina en respuesta a las agresiones israel\u00edes: \u2b55\ufe0f Ministerio de Salud palestino eleva a 9.227 el n\u00famero de palestinos muertos por los bombardeos israel\u00edes contra la Franja de Gaza, entre ellos &hellip;<\/p>\n","protected":false},"author":39,"featured_media":313329,"comment_status":"closed","ping_status":"closed","sticky":false,"template":"","format":"standard","meta":{"footnotes":""},"categories":[597,456,16687,20724,583],"tags":[],"class_list":["post-313328","post","type-post","status-publish","format-standard","has-post-thumbnail","","category-cinta-de-noticias","category-arabe-internacional-politica","category-internacionales","category-minuto-a-minuto","category-slide"],"_links":{"self":[{"href":"https:\/\/archive.sana.sy\/es\/index.php?rest_route=\/wp\/v2\/posts\/313328"}],"collection":[{"href":"https:\/\/archive.sana.sy\/es\/index.php?rest_route=\/wp\/v2\/posts"}],"about":[{"href":"https:\/\/archive.sana.sy\/es\/index.php?rest_route=\/wp\/v2\/types\/post"}],"author":[{"embeddable":true,"href":"https:\/\/archive.sana.sy\/es\/index.php?rest_route=\/wp\/v2\/users\/39"}],"replies":[{"embeddable":true,"href":"https:\/\/archive.sana.sy\/es\/index.php?rest_route=%2Fwp%2Fv2%2Fcomments&post=313328"}],"version-history":[{"count":4,"href":"https:\/\/archive.sana.sy\/es\/index.php?rest_route=\/wp\/v2\/posts\/313328\/revisions"}],"predecessor-version":[{"id":313342,"href":"https:\/\/archive.sana.sy\/es\/index.php?rest_route=\/wp\/v2\/posts\/313328\/revisions\/313342"}],"wp:featuredmedia":[{"embeddable":true,"href":"https:\/\/archive.sana.sy\/es\/index.php?rest_route=\/wp\/v2\/media\/313329"}],"wp:attachment":[{"href":"https:\/\/archive.sana.sy\/es\/index.php?rest_route=%2Fwp%2Fv2%2Fmedia&parent=313328"}],"wp:term":[{"taxonomy":"category","embeddable":true,"href":"https:\/\/archive.sana.sy\/es\/index.php?rest_route=%2Fwp%2Fv2%2Fcategories&post=313328"},{"taxonomy":"post_tag","embeddable":true,"href":"https:\/\/archive.sana.sy\/es\/index.php?rest_route=%2Fwp%2Fv2%2Ftags&post=313328"}],"curies":[{"name":"wp","href":"https:\/\/api.w.org\/{rel}","templated":true}]}}