{"id":313334,"date":"2023-11-03T14:52:51","date_gmt":"2023-11-03T11:52:51","guid":{"rendered":"https:\/\/sana.sy\/es\/?p=313334"},"modified":"2023-11-03T14:52:54","modified_gmt":"2023-11-03T11:52:54","slug":"rusia-advierte-de-las-consecuencias-del-cierre-de-mar-baltico-por-parte-de-la-otan","status":"publish","type":"post","link":"https:\/\/archive.sana.sy\/es\/?p=313334","title":{"rendered":"Rusia advierte de las consecuencias del cierre de mar B\u00e1ltico por parte de la OTAN"},"content":{"rendered":"<p style=\"text-align: justify;\"><strong><span style=\"color: #800000;\">Samarcanda, 03 nov (SANA)<\/span><\/strong> El viceministro ruso de Asuntos Exteriores, Alexander Grushko, advirti\u00f3 a la OTAN de las consecuencias negativas de sus intentos de convertir el mar B\u00e1ltico en un mar interior para la alianza.<\/p>\n<p style=\"text-align: justify;\">\u201cSabemos que algunos pol\u00edticos y estrategas de la OTAN sue\u00f1an con convertir el Mar B\u00e1ltico en un lago interno para beneficios militares. Esto no suceder\u00e1, nunca suceder\u00e1\u201d, sentenci\u00f3 el Vicecanciller.<\/p>\n<p style=\"text-align: justify;\">El portavoz del Kremlin, Dmitri Peskov, hab\u00eda rechazado las presiones occidentales sobre el cierre del mar B\u00e1ltico a los barcos rusos y dijo que \u201cCualquier amenaza debe tomarse en serio, sin importar de qui\u00e9n vengan. No importa de qui\u00e9n vengan, las amenazas a Rusia son inaceptables\u201d.<\/p>\n<p style=\"text-align: justify;\">fm\/sm<\/p>\n","protected":false},"excerpt":{"rendered":"<p>Samarcanda, 03 nov (SANA) El viceministro ruso de Asuntos Exteriores, Alexander Grushko, advirti\u00f3 a la OTAN de las consecuencias negativas de sus intentos de convertir el mar B\u00e1ltico en un mar interior para la alianza. \u201cSabemos que algunos pol\u00edticos y estrategas de la OTAN sue\u00f1an con convertir el Mar B\u00e1ltico en un lago interno para &hellip;<\/p>\n","protected":false},"author":39,"featured_media":313335,"comment_status":"closed","ping_status":"closed","sticky":false,"template":"","format":"standard","meta":{"footnotes":""},"categories":[597,456,16687,20724,7541],"tags":[],"class_list":["post-313334","post","type-post","status-publish","format-standard","has-post-thumbnail","","category-cinta-de-noticias","category-arabe-internacional-politica","category-internacionales","category-minuto-a-minuto","category-ultimas-noticias"],"_links":{"self":[{"href":"https:\/\/archive.sana.sy\/es\/index.php?rest_route=\/wp\/v2\/posts\/313334"}],"collection":[{"href":"https:\/\/archive.sana.sy\/es\/index.php?rest_route=\/wp\/v2\/posts"}],"about":[{"href":"https:\/\/archive.sana.sy\/es\/index.php?rest_route=\/wp\/v2\/types\/post"}],"author":[{"embeddable":true,"href":"https:\/\/archive.sana.sy\/es\/index.php?rest_route=\/wp\/v2\/users\/39"}],"replies":[{"embeddable":true,"href":"https:\/\/archive.sana.sy\/es\/index.php?rest_route=%2Fwp%2Fv2%2Fcomments&post=313334"}],"version-history":[{"count":1,"href":"https:\/\/archive.sana.sy\/es\/index.php?rest_route=\/wp\/v2\/posts\/313334\/revisions"}],"predecessor-version":[{"id":313336,"href":"https:\/\/archive.sana.sy\/es\/index.php?rest_route=\/wp\/v2\/posts\/313334\/revisions\/313336"}],"wp:featuredmedia":[{"embeddable":true,"href":"https:\/\/archive.sana.sy\/es\/index.php?rest_route=\/wp\/v2\/media\/313335"}],"wp:attachment":[{"href":"https:\/\/archive.sana.sy\/es\/index.php?rest_route=%2Fwp%2Fv2%2Fmedia&parent=313334"}],"wp:term":[{"taxonomy":"category","embeddable":true,"href":"https:\/\/archive.sana.sy\/es\/index.php?rest_route=%2Fwp%2Fv2%2Fcategories&post=313334"},{"taxonomy":"post_tag","embeddable":true,"href":"https:\/\/archive.sana.sy\/es\/index.php?rest_route=%2Fwp%2Fv2%2Ftags&post=313334"}],"curies":[{"name":"wp","href":"https:\/\/api.w.org\/{rel}","templated":true}]}}