{"id":313337,"date":"2023-11-03T15:08:25","date_gmt":"2023-11-03T12:08:25","guid":{"rendered":"https:\/\/sana.sy\/es\/?p=313337"},"modified":"2023-11-03T15:09:19","modified_gmt":"2023-11-03T12:09:19","slug":"ejercito-israeli-reconoce-la-muerte-de-24-soldados-durante-los-ultimos-dos-dias","status":"publish","type":"post","link":"https:\/\/archive.sana.sy\/es\/?p=313337","title":{"rendered":"Ej\u00e9rcito israel\u00ed reconoce la muerte de 24 soldados durante los \u00faltimos dos d\u00edas"},"content":{"rendered":"<p style=\"text-align: justify;\"><span style=\"color: #800000;\"><strong>Jerusal\u00e9n ocupada, 03 nov (SANA)\u00a0<\/strong><\/span> Las fuerzas israel\u00edes perdieron a m\u00e1s de 24 soldados sionistas durante los \u00faltimos dos d\u00edas, as\u00ed como p\u00e9rdidas en transportes y blindados.<\/p>\n<p style=\"text-align: justify;\">Fuentes palestinas se\u00f1alaron que una docena de tanques y otros veh\u00edculos israel\u00edes fueron destruidos en el intento israel\u00ed de apoderarse de la Franja de Gaza.<\/p>\n<p style=\"text-align: justify;\">Las mismas fuentes destacaron que se realiz\u00f3 un contraataque en el eje noroeste de la ciudad de Gaza, donde los milicianos palestinos se enfrentaron a una fuerza sionista blindada con diversas armas, con un saldo de seis tanques y dos veh\u00edculos de transporte de tropas destruidos.<\/p>\n<p style=\"text-align: justify;\">En tanto, medios israel\u00edes publicaron una declaraci\u00f3n del jefe del Estado Mayor, Herzi Halevy, quien admiti\u00f3 que el precio de la guerra estaba resultando dif\u00edcil y muy doloroso.<\/p>\n<p style=\"text-align: justify;\">fm\/sm<\/p>\n","protected":false},"excerpt":{"rendered":"<p>Jerusal\u00e9n ocupada, 03 nov (SANA)\u00a0 Las fuerzas israel\u00edes perdieron a m\u00e1s de 24 soldados sionistas durante los \u00faltimos dos d\u00edas, as\u00ed como p\u00e9rdidas en transportes y blindados. Fuentes palestinas se\u00f1alaron que una docena de tanques y otros veh\u00edculos israel\u00edes fueron destruidos en el intento israel\u00ed de apoderarse de la Franja de Gaza. Las mismas fuentes &hellip;<\/p>\n","protected":false},"author":39,"featured_media":313338,"comment_status":"closed","ping_status":"closed","sticky":false,"template":"","format":"standard","meta":{"footnotes":""},"categories":[597,456,16687,20724,7541],"tags":[],"class_list":["post-313337","post","type-post","status-publish","format-standard","has-post-thumbnail","","category-cinta-de-noticias","category-arabe-internacional-politica","category-internacionales","category-minuto-a-minuto","category-ultimas-noticias"],"_links":{"self":[{"href":"https:\/\/archive.sana.sy\/es\/index.php?rest_route=\/wp\/v2\/posts\/313337"}],"collection":[{"href":"https:\/\/archive.sana.sy\/es\/index.php?rest_route=\/wp\/v2\/posts"}],"about":[{"href":"https:\/\/archive.sana.sy\/es\/index.php?rest_route=\/wp\/v2\/types\/post"}],"author":[{"embeddable":true,"href":"https:\/\/archive.sana.sy\/es\/index.php?rest_route=\/wp\/v2\/users\/39"}],"replies":[{"embeddable":true,"href":"https:\/\/archive.sana.sy\/es\/index.php?rest_route=%2Fwp%2Fv2%2Fcomments&post=313337"}],"version-history":[{"count":2,"href":"https:\/\/archive.sana.sy\/es\/index.php?rest_route=\/wp\/v2\/posts\/313337\/revisions"}],"predecessor-version":[{"id":313341,"href":"https:\/\/archive.sana.sy\/es\/index.php?rest_route=\/wp\/v2\/posts\/313337\/revisions\/313341"}],"wp:featuredmedia":[{"embeddable":true,"href":"https:\/\/archive.sana.sy\/es\/index.php?rest_route=\/wp\/v2\/media\/313338"}],"wp:attachment":[{"href":"https:\/\/archive.sana.sy\/es\/index.php?rest_route=%2Fwp%2Fv2%2Fmedia&parent=313337"}],"wp:term":[{"taxonomy":"category","embeddable":true,"href":"https:\/\/archive.sana.sy\/es\/index.php?rest_route=%2Fwp%2Fv2%2Fcategories&post=313337"},{"taxonomy":"post_tag","embeddable":true,"href":"https:\/\/archive.sana.sy\/es\/index.php?rest_route=%2Fwp%2Fv2%2Ftags&post=313337"}],"curies":[{"name":"wp","href":"https:\/\/api.w.org\/{rel}","templated":true}]}}