{"id":313347,"date":"2023-11-03T16:32:14","date_gmt":"2023-11-03T13:32:14","guid":{"rendered":"https:\/\/sana.sy\/es\/?p=313347"},"modified":"2023-11-03T16:33:40","modified_gmt":"2023-11-03T13:33:40","slug":"%e2%9a%a1%ef%b8%8fsayyed-nasrallah-la-decision-de-la-operacion-del-diluvio-de-al-aqsa-el-dia-7-de-octubre-pasado-fue-100-palestina-lo-cual-refuta-las-alegaciones-de-que-las-decisiones-de-la-resiste","status":"publish","type":"post","link":"https:\/\/archive.sana.sy\/es\/?p=313347","title":{"rendered":"Sayyed Nasrallah: La decisi\u00f3n de la operaci\u00f3n del Diluvio de Al-Aqsa el d\u00eda 7 de octubre pasado, fue 100% palestina, lo cual refuta las alegaciones de que las decisiones de la resistencia palestina se toman desde otro pa\u00eds"},"content":{"rendered":"","protected":false},"excerpt":{"rendered":"","protected":false},"author":39,"featured_media":0,"comment_status":"closed","ping_status":"closed","sticky":false,"template":"","format":"standard","meta":{"footnotes":""},"categories":[20724,596],"tags":[],"class_list":["post-313347","post","type-post","status-publish","format-standard","","category-minuto-a-minuto","category-urgente"],"_links":{"self":[{"href":"https:\/\/archive.sana.sy\/es\/index.php?rest_route=\/wp\/v2\/posts\/313347"}],"collection":[{"href":"https:\/\/archive.sana.sy\/es\/index.php?rest_route=\/wp\/v2\/posts"}],"about":[{"href":"https:\/\/archive.sana.sy\/es\/index.php?rest_route=\/wp\/v2\/types\/post"}],"author":[{"embeddable":true,"href":"https:\/\/archive.sana.sy\/es\/index.php?rest_route=\/wp\/v2\/users\/39"}],"replies":[{"embeddable":true,"href":"https:\/\/archive.sana.sy\/es\/index.php?rest_route=%2Fwp%2Fv2%2Fcomments&post=313347"}],"version-history":[{"count":2,"href":"https:\/\/archive.sana.sy\/es\/index.php?rest_route=\/wp\/v2\/posts\/313347\/revisions"}],"predecessor-version":[{"id":313349,"href":"https:\/\/archive.sana.sy\/es\/index.php?rest_route=\/wp\/v2\/posts\/313347\/revisions\/313349"}],"wp:attachment":[{"href":"https:\/\/archive.sana.sy\/es\/index.php?rest_route=%2Fwp%2Fv2%2Fmedia&parent=313347"}],"wp:term":[{"taxonomy":"category","embeddable":true,"href":"https:\/\/archive.sana.sy\/es\/index.php?rest_route=%2Fwp%2Fv2%2Fcategories&post=313347"},{"taxonomy":"post_tag","embeddable":true,"href":"https:\/\/archive.sana.sy\/es\/index.php?rest_route=%2Fwp%2Fv2%2Ftags&post=313347"}],"curies":[{"name":"wp","href":"https:\/\/api.w.org\/{rel}","templated":true}]}}