{"id":313350,"date":"2023-11-03T16:34:02","date_gmt":"2023-11-03T13:34:02","guid":{"rendered":"https:\/\/sana.sy\/es\/?p=313350"},"modified":"2023-11-03T16:34:02","modified_gmt":"2023-11-03T13:34:02","slug":"sayyed-nasrallah-la-operacion-diluvio-de-al-aqsa-mostro-que-israel-es-mas-debil-y-fragil-que-la-telarana-sin-el-apoyo-de-estados-unidos","status":"publish","type":"post","link":"https:\/\/archive.sana.sy\/es\/?p=313350","title":{"rendered":"Sayyed Nasrallah: La operaci\u00f3n Diluvio de Al-Aqsa mostr\u00f3 que &#8220;Israel&#8221; es m\u00e1s d\u00e9bil y fr\u00e1gil que la telara\u00f1a, sin el apoyo de Estados Unidos"},"content":{"rendered":"","protected":false},"excerpt":{"rendered":"","protected":false},"author":39,"featured_media":0,"comment_status":"closed","ping_status":"closed","sticky":false,"template":"","format":"standard","meta":{"footnotes":""},"categories":[20724,596],"tags":[],"class_list":["post-313350","post","type-post","status-publish","format-standard","","category-minuto-a-minuto","category-urgente"],"_links":{"self":[{"href":"https:\/\/archive.sana.sy\/es\/index.php?rest_route=\/wp\/v2\/posts\/313350"}],"collection":[{"href":"https:\/\/archive.sana.sy\/es\/index.php?rest_route=\/wp\/v2\/posts"}],"about":[{"href":"https:\/\/archive.sana.sy\/es\/index.php?rest_route=\/wp\/v2\/types\/post"}],"author":[{"embeddable":true,"href":"https:\/\/archive.sana.sy\/es\/index.php?rest_route=\/wp\/v2\/users\/39"}],"replies":[{"embeddable":true,"href":"https:\/\/archive.sana.sy\/es\/index.php?rest_route=%2Fwp%2Fv2%2Fcomments&post=313350"}],"version-history":[{"count":1,"href":"https:\/\/archive.sana.sy\/es\/index.php?rest_route=\/wp\/v2\/posts\/313350\/revisions"}],"predecessor-version":[{"id":313351,"href":"https:\/\/archive.sana.sy\/es\/index.php?rest_route=\/wp\/v2\/posts\/313350\/revisions\/313351"}],"wp:attachment":[{"href":"https:\/\/archive.sana.sy\/es\/index.php?rest_route=%2Fwp%2Fv2%2Fmedia&parent=313350"}],"wp:term":[{"taxonomy":"category","embeddable":true,"href":"https:\/\/archive.sana.sy\/es\/index.php?rest_route=%2Fwp%2Fv2%2Fcategories&post=313350"},{"taxonomy":"post_tag","embeddable":true,"href":"https:\/\/archive.sana.sy\/es\/index.php?rest_route=%2Fwp%2Fv2%2Ftags&post=313350"}],"curies":[{"name":"wp","href":"https:\/\/api.w.org\/{rel}","templated":true}]}}