{"id":313364,"date":"2023-11-03T18:16:59","date_gmt":"2023-11-03T15:16:59","guid":{"rendered":"https:\/\/sana.sy\/es\/?p=313364"},"modified":"2023-11-03T18:17:06","modified_gmt":"2023-11-03T15:17:06","slug":"estados-unidos-es-parte-de-la-guerra-en-gaza-y-no-de-la-solucion","status":"publish","type":"post","link":"https:\/\/archive.sana.sy\/es\/?p=313364","title":{"rendered":"Estados Unidos es parte de la guerra en Gaza y no de la soluci\u00f3n"},"content":{"rendered":"<p style=\"text-align: justify;\"><span style=\"color: #800000;\"><strong>Teher\u00e1n, 03 nov (SANA)<\/strong> <\/span>El portavoz del ministerio iran\u00ed de Asuntos Exteriores, Nasser Kanaani, afirm\u00f3 que Estados Unidos ha demostrado que es una parte de la continuaci\u00f3n de la guerra a gran escala y de los cr\u00edmenes de guerra y el genocidio que se comete contra el pueblo palestino y no es parte de la soluci\u00f3n a la crisis.<\/p>\n<p style=\"text-align: justify;\">Citado por la Agencia de Noticias Iran\u00ed (IRNA), Kanaani dijo que \u201cdurante las \u00faltimas 24 horas, la C\u00e1mara de Representantes de EE.UU. acord\u00f3 proporcionar ayuda financiera a \u201cIsrael\u201d por un valor de 14.300 millones de d\u00f3lares de los bolsillos de los contribuyentes estadounidenses\u201d.<\/p>\n<p style=\"text-align: justify;\">\u201cEl portavoz del Departamento de Defensa de Estados Unidos anunci\u00f3 que Washington est\u00e1 en contra de un alto el fuego en Gaza y el presidente de la C\u00e1mara de Representantes de Estados Unidos dijo: \u201cIsrael no necesita un alto el fuego\u201d, aclar\u00f3.<br \/>\nConsider\u00f3 que tales posiciones confirman que Estados Unidos sigue siendo una parte decisiva de la continuaci\u00f3n de la guerra integral y no es parte de la soluci\u00f3n a la crisis.<\/p>\n<p style=\"text-align: justify;\">fm\/sm<\/p>\n","protected":false},"excerpt":{"rendered":"<p>Teher\u00e1n, 03 nov (SANA) El portavoz del ministerio iran\u00ed de Asuntos Exteriores, Nasser Kanaani, afirm\u00f3 que Estados Unidos ha demostrado que es una parte de la continuaci\u00f3n de la guerra a gran escala y de los cr\u00edmenes de guerra y el genocidio que se comete contra el pueblo palestino y no es parte de la &hellip;<\/p>\n","protected":false},"author":39,"featured_media":313365,"comment_status":"closed","ping_status":"closed","sticky":false,"template":"","format":"standard","meta":{"footnotes":""},"categories":[597,456,16687,20724,7541],"tags":[],"class_list":["post-313364","post","type-post","status-publish","format-standard","has-post-thumbnail","","category-cinta-de-noticias","category-arabe-internacional-politica","category-internacionales","category-minuto-a-minuto","category-ultimas-noticias"],"_links":{"self":[{"href":"https:\/\/archive.sana.sy\/es\/index.php?rest_route=\/wp\/v2\/posts\/313364"}],"collection":[{"href":"https:\/\/archive.sana.sy\/es\/index.php?rest_route=\/wp\/v2\/posts"}],"about":[{"href":"https:\/\/archive.sana.sy\/es\/index.php?rest_route=\/wp\/v2\/types\/post"}],"author":[{"embeddable":true,"href":"https:\/\/archive.sana.sy\/es\/index.php?rest_route=\/wp\/v2\/users\/39"}],"replies":[{"embeddable":true,"href":"https:\/\/archive.sana.sy\/es\/index.php?rest_route=%2Fwp%2Fv2%2Fcomments&post=313364"}],"version-history":[{"count":1,"href":"https:\/\/archive.sana.sy\/es\/index.php?rest_route=\/wp\/v2\/posts\/313364\/revisions"}],"predecessor-version":[{"id":313366,"href":"https:\/\/archive.sana.sy\/es\/index.php?rest_route=\/wp\/v2\/posts\/313364\/revisions\/313366"}],"wp:featuredmedia":[{"embeddable":true,"href":"https:\/\/archive.sana.sy\/es\/index.php?rest_route=\/wp\/v2\/media\/313365"}],"wp:attachment":[{"href":"https:\/\/archive.sana.sy\/es\/index.php?rest_route=%2Fwp%2Fv2%2Fmedia&parent=313364"}],"wp:term":[{"taxonomy":"category","embeddable":true,"href":"https:\/\/archive.sana.sy\/es\/index.php?rest_route=%2Fwp%2Fv2%2Fcategories&post=313364"},{"taxonomy":"post_tag","embeddable":true,"href":"https:\/\/archive.sana.sy\/es\/index.php?rest_route=%2Fwp%2Fv2%2Ftags&post=313364"}],"curies":[{"name":"wp","href":"https:\/\/api.w.org\/{rel}","templated":true}]}}