{"id":313371,"date":"2023-11-03T14:00:06","date_gmt":"2023-11-03T11:00:06","guid":{"rendered":"https:\/\/sana.sy\/es\/?p=313371"},"modified":"2023-11-03T20:53:10","modified_gmt":"2023-11-03T17:53:10","slug":"cancilleres-de-siria-e-iran-la-agresion-contra-gaza-es-un-crimen-de-guerra-y-lesa-humanidad","status":"publish","type":"post","link":"https:\/\/archive.sana.sy\/es\/?p=313371","title":{"rendered":"Cancilleres de Siria e Ir\u00e1n: La agresi\u00f3n contra Gaza es un crimen de guerra y lesa humanidad"},"content":{"rendered":"<blockquote>\n<p style=\"text-align: justify;\"><span style=\"color: #993300;\">\u201cEl apoyo brindado al ocupante israel\u00ed por parte de los pa\u00edses occidentales, encabezados por Estados Unidos, sea armament\u00edstico, financiero, medi\u00e1tico o mediante presiones pol\u00edticas, comprueba inequ\u00edvocamente la hipocres\u00eda de estos pa\u00edses y la ausencia de cualquier valor humanitario que puedan reivindicar\u201d<\/span><\/p>\n<\/blockquote>\n<p style=\"text-align: justify;\"><span style=\"color: #800000;\"><strong>Damasco, 03 nov (SANA)\u00a0<\/strong><\/span> \u00a0El ministro de Asuntos Exteriores y Expatriados de Siria, Faisal Al-Mekdad, abord\u00f3 hoy con su hom\u00f3logo iran\u00ed Hossein Amir Abdollahian, la situaci\u00f3n en Palestina, en particular en la Franja de Gaza.<\/p>\n<p style=\"text-align: justify;\">En una conversaci\u00f3n telef\u00f3nica, las dos partes abordaron las acciones que llevaron a cabo para enfrentar la criminal agresi\u00f3n israel\u00ed y los contactos que efectuaron al respecto, y destacaron la firmeza de la Resistencia Palestina ante los brutales ataques perpetrados por la entidad sionista contra los civiles y sus propiedades en la Franja de Gaza.<\/p>\n<p style=\"text-align: justify;\">\u201cLos sacrificios realizados por la Resistencia en Gaza superaron toda imaginaci\u00f3n y son apreciados y respetados por todos los pueblos del mundo que anhelan la liberaci\u00f3n y el fin de la dominaci\u00f3n y el colonialismo\u201d, afirmaron.<\/p>\n<p style=\"text-align: justify;\">Los dos diplom\u00e1ticos destacaron que la destrucci\u00f3n de decenas de miles de hogares palestinos por parte de las fuerzas de ocupaci\u00f3n sionistas y el asesinato de al menos 4.500 ni\u00f1os y diez mil civiles inocentes, representa un crimen de guerra y contra la humanidad, en virtud del derecho internacional humanitario.<\/p>\n<p style=\"text-align: justify;\">\u201cEl apoyo brindado al ocupante israel\u00ed por parte de los pa\u00edses occidentales, encabezados por Estados Unidos, sea armament\u00edstico, financiero, medi\u00e1tico o mediante presiones pol\u00edticas, comprueba inequ\u00edvocamente la hipocres\u00eda de estos pa\u00edses y la ausencia de cualquier valor humanitario que puedan reivindicar\u201d, denunciaron los dos titulares.<\/p>\n<p style=\"text-align: justify;\">Los dos cancilleres condenaron la reivindicaci\u00f3n por parte de los pa\u00edses occidentales del derecho de Israel a la autodefensa, y consideraron esta postura inaceptable moralmente, ya que autoriza a los israel\u00edes a matar al pueblo palestino y destruir sus viviendas.<\/p>\n<p style=\"text-align: justify;\">\u201cEl hecho de que la entidad sionista no rinda cuentas por sus cr\u00edmenes y su negaci\u00f3n de los derechos del pueblo palestino son razones que alentaron \u201cIsrael\u201d a cometer cr\u00edmenes\u201d, subrayaron.<\/p>\n<p style=\"text-align: justify;\">Los ministros abordaron las medidas que deben tomarse para detener esta agresi\u00f3n, y se\u00f1alaron la importancia de cesar esta guerra israel\u00ed-occidental contra el pueblo palestino en el Franja de Gaza en particular, y en Jerusal\u00e9n y Cisjordania en general.<\/p>\n<p style=\"text-align: justify;\">Acordaron incrementar el trabajo para frenar la ocupaci\u00f3n sionista e impedir sus intentos de imponer una nueva Nakba a los palestinos, desplaz\u00e1ndoles de sus tierras y lugares sagrados.<\/p>\n<p style=\"text-align: justify;\">rr\/fm<\/p>\n","protected":false},"excerpt":{"rendered":"<p>\u201cEl apoyo brindado al ocupante israel\u00ed por parte de los pa\u00edses occidentales, encabezados por Estados Unidos, sea armament\u00edstico, financiero, medi\u00e1tico o mediante presiones pol\u00edticas, comprueba inequ\u00edvocamente la hipocres\u00eda de estos pa\u00edses y la ausencia de cualquier valor humanitario que puedan reivindicar\u201d Damasco, 03 nov (SANA)\u00a0 \u00a0El ministro de Asuntos Exteriores y Expatriados de Siria, Faisal &hellip;<\/p>\n","protected":false},"author":31,"featured_media":313372,"comment_status":"closed","ping_status":"closed","sticky":false,"template":"","format":"standard","meta":{"footnotes":""},"categories":[597,467,583],"tags":[12002,2866,1494,6553],"class_list":["post-313371","post","type-post","status-publish","format-standard","has-post-thumbnail","","category-cinta-de-noticias","category-siria-y-el-mundo","category-slide","tag-gaza","tag-iran","tag-palestina","tag-siria"],"_links":{"self":[{"href":"https:\/\/archive.sana.sy\/es\/index.php?rest_route=\/wp\/v2\/posts\/313371"}],"collection":[{"href":"https:\/\/archive.sana.sy\/es\/index.php?rest_route=\/wp\/v2\/posts"}],"about":[{"href":"https:\/\/archive.sana.sy\/es\/index.php?rest_route=\/wp\/v2\/types\/post"}],"author":[{"embeddable":true,"href":"https:\/\/archive.sana.sy\/es\/index.php?rest_route=\/wp\/v2\/users\/31"}],"replies":[{"embeddable":true,"href":"https:\/\/archive.sana.sy\/es\/index.php?rest_route=%2Fwp%2Fv2%2Fcomments&post=313371"}],"version-history":[{"count":2,"href":"https:\/\/archive.sana.sy\/es\/index.php?rest_route=\/wp\/v2\/posts\/313371\/revisions"}],"predecessor-version":[{"id":313377,"href":"https:\/\/archive.sana.sy\/es\/index.php?rest_route=\/wp\/v2\/posts\/313371\/revisions\/313377"}],"wp:featuredmedia":[{"embeddable":true,"href":"https:\/\/archive.sana.sy\/es\/index.php?rest_route=\/wp\/v2\/media\/313372"}],"wp:attachment":[{"href":"https:\/\/archive.sana.sy\/es\/index.php?rest_route=%2Fwp%2Fv2%2Fmedia&parent=313371"}],"wp:term":[{"taxonomy":"category","embeddable":true,"href":"https:\/\/archive.sana.sy\/es\/index.php?rest_route=%2Fwp%2Fv2%2Fcategories&post=313371"},{"taxonomy":"post_tag","embeddable":true,"href":"https:\/\/archive.sana.sy\/es\/index.php?rest_route=%2Fwp%2Fv2%2Ftags&post=313371"}],"curies":[{"name":"wp","href":"https:\/\/api.w.org\/{rel}","templated":true}]}}